{"id":27340,"date":"2019-06-03T10:49:40","date_gmt":"2019-06-03T09:49:40","guid":{"rendered":"http:\/\/www.caths.cz\/wordpress\/?p=27340"},"modified":"2019-06-03T10:49:40","modified_gmt":"2019-06-03T09:49:40","slug":"sportovni-strelba-ma-za-sebou-dve-kola-ceskeho-poharu","status":"publish","type":"post","link":"https:\/\/www.caths.cz\/wordpress\/sportovni-strelba-ma-za-sebou-dve-kola-ceskeho-poharu\/","title":{"rendered":"Sportovn\u00ed st\u0159elba m\u00e1 za sebou dv\u011b kola \u010cesk\u00e9ho poh\u00e1ru."},"content":{"rendered":"<p>V\u00a0obou discipl\u00edn\u00e1ch druh\u00e9ho kola \u010cP TP, kter\u00e9 se konalo v\u00a0sobotu 1. 6. v\u00a0Olomouci, zv\u00edt\u011bzil Franti\u0161ek Kone\u010dn\u00fd. Tradi\u010dn\u011b v 8,30 za\u010dal z\u00e1vod discipl\u00ednou P3\/sportovn\u00ed pistole 30+30 ran, kter\u00e1 se st\u0159\u00edl\u00ed na 25 metr\u016f. V t\u00e9to discipl\u00edn\u011b startovalo 6 st\u0159elc\u016f kategorie SH1. Zv\u00edt\u011bzil Kone\u010dn\u00fd s\u00a0539 body, p\u0159ed druh\u00fdm Vladim\u00edrem Hriadelem s\u00a0520 body a t\u0159et\u00edm Romanem Gronsk\u00fdm s 504 body. Po hodinov\u00e9 p\u0159est\u00e1vce za\u010dal za \u00fa\u010dasti 7 TP st\u0159elc\u016f z\u00e1vod v discipl\u00edn\u011b P1\/vzduchov\u00e1 pistole 60 ran, kter\u00e1 se st\u0159\u00edl\u00ed na 10 metr\u016f. Zv\u00edt\u011bzil Kone\u010dn\u00fd s\u00a0541 body p\u0159ed druh\u00fdm Pe\u0161kem s 538 body a t\u0159et\u00edm Gronsk\u00fdm s 521 body.<\/p>\n<p>Fin\u00e1lov\u00e9 kolo \u010cP TP se uskute\u010dn\u00ed 24. 8. v Olomouci.<\/p>\n<p>&nbsp;<\/p>\n<p>V\u00fdsledky zde:\u00a0<a href=\"http:\/\/www.caths.cz\/wordpress\/wp-content\/uploads\/2019\/06\/\u010cesk\u00fd-poh\u00e1r-TP-2.-kolo.xlsx\">\u010cesk\u00fd poh\u00e1r TP 2. kolo<\/a><\/p>\n<p>&nbsp;<\/p>\n<p><em>Foto: Vladim\u00edr Mar\u010dan<\/em><\/p>\n<p><a href=\"http:\/\/www.caths.cz\/wordpress\/wp-content\/uploads\/2019\/06\/\u010cP-TP-Olomouc-2.-kolo.jpg\"><img loading=\"lazy\" decoding=\"async\" class=\"alignleft size-full wp-image-27341\" src=\"http:\/\/www.caths.cz\/wordpress\/wp-content\/uploads\/2019\/06\/\u010cP-TP-Olomouc-2.-kolo.jpg\" alt=\"\u010cP TP Olomouc 2. kolo\" width=\"1000\" height=\"750\" srcset=\"https:\/\/www.caths.cz\/wordpress\/wp-content\/uploads\/2019\/06\/\u010cP-TP-Olomouc-2.-kolo.jpg 1000w, https:\/\/www.caths.cz\/wordpress\/wp-content\/uploads\/2019\/06\/\u010cP-TP-Olomouc-2.-kolo-300x225.jpg 300w, https:\/\/www.caths.cz\/wordpress\/wp-content\/uploads\/2019\/06\/\u010cP-TP-Olomouc-2.-kolo-120x90.jpg 120w\" sizes=\"auto, (max-width: 1000px) 100vw, 1000px\" \/><\/a><\/p>\n","protected":false},"excerpt":{"rendered":"<a href=\"https:\/\/www.caths.cz\/wordpress\/sportovni-strelba-ma-za-sebou-dve-kola-ceskeho-poharu\/\"><img width=\"100\" height=\"100\" src=\"https:\/\/www.caths.cz\/wordpress\/wp-content\/uploads\/2019\/06\/\u010cP-TP-Olomouc-2.-kolo-100x100.jpg\" class=\"alignleft tfe wp-post-image\" alt=\"\" decoding=\"async\" loading=\"lazy\" srcset=\"https:\/\/www.caths.cz\/wordpress\/wp-content\/uploads\/2019\/06\/\u010cP-TP-Olomouc-2.-kolo-100x100.jpg 100w, https:\/\/www.caths.cz\/wordpress\/wp-content\/uploads\/2019\/06\/\u010cP-TP-Olomouc-2.-kolo-150x150.jpg 150w\" sizes=\"auto, (max-width: 100px) 100vw, 100px\" \/><\/a><p>V\u00a0obou discipl\u00edn\u00e1ch druh\u00e9ho kola \u010cP TP, kter\u00e9 se konalo v\u00a0sobotu 1. 6. v\u00a0Olomouci, zv\u00edt\u011bzil Franti\u0161ek Kone\u010dn\u00fd. Tradi\u010dn\u011b v 8,30 za\u010dal z\u00e1vod discipl\u00ednou P3\/sportovn\u00ed pistole 30+30 ran, kter\u00e1 se st\u0159\u00edl\u00ed na [&hellip;]<\/p>\n","protected":false},"author":1,"featured_media":27341,"comment_status":"closed","ping_status":"closed","sticky":false,"template":"","format":"standard","meta":{"ngg_post_thumbnail":0,"footnotes":""},"categories":[18],"tags":[],"class_list":["post-27340","post","type-post","status-publish","format-standard","has-post-thumbnail","hentry","category-strelba"],"_links":{"self":[{"href":"https:\/\/www.caths.cz\/wordpress\/wp-json\/wp\/v2\/posts\/27340","targetHints":{"allow":["GET"]}}],"collection":[{"href":"https:\/\/www.caths.cz\/wordpress\/wp-json\/wp\/v2\/posts"}],"about":[{"href":"https:\/\/www.caths.cz\/wordpress\/wp-json\/wp\/v2\/types\/post"}],"author":[{"embeddable":true,"href":"https:\/\/www.caths.cz\/wordpress\/wp-json\/wp\/v2\/users\/1"}],"replies":[{"embeddable":true,"href":"https:\/\/www.caths.cz\/wordpress\/wp-json\/wp\/v2\/comments?post=27340"}],"version-history":[{"count":2,"href":"https:\/\/www.caths.cz\/wordpress\/wp-json\/wp\/v2\/posts\/27340\/revisions"}],"predecessor-version":[{"id":27344,"href":"https:\/\/www.caths.cz\/wordpress\/wp-json\/wp\/v2\/posts\/27340\/revisions\/27344"}],"wp:featuredmedia":[{"embeddable":true,"href":"https:\/\/www.caths.cz\/wordpress\/wp-json\/wp\/v2\/media\/27341"}],"wp:attachment":[{"href":"https:\/\/www.caths.cz\/wordpress\/wp-json\/wp\/v2\/media?parent=27340"}],"wp:term":[{"taxonomy":"category","embeddable":true,"href":"https:\/\/www.caths.cz\/wordpress\/wp-json\/wp\/v2\/categories?post=27340"},{"taxonomy":"post_tag","embeddable":true,"href":"https:\/\/www.caths.cz\/wordpress\/wp-json\/wp\/v2\/tags?post=27340"}],"curies":[{"name":"wp","href":"https:\/\/api.w.org\/{rel}","templated":true}]}}