{"id":27336,"date":"2019-05-31T16:08:12","date_gmt":"2019-05-31T15:08:12","guid":{"rendered":"http:\/\/www.caths.cz\/wordpress\/?p=27336"},"modified":"2019-05-31T16:10:05","modified_gmt":"2019-05-31T15:10:05","slug":"v-pondeli-startuje-ms-v-lukostrelbe","status":"publish","type":"post","link":"https:\/\/www.caths.cz\/wordpress\/v-pondeli-startuje-ms-v-lukostrelbe\/","title":{"rendered":"V pond\u011bl\u00ed startuje MS v lukost\u0159elb\u011b!"},"content":{"rendered":"<p>V pond\u011bl\u00ed, 3.6.2019 za\u010d\u00edn\u00e1 v Holandsk\u00e9m Hertogenboschi Mistrovstv\u00ed sv\u011bta v paralukost\u0159elb\u011b. \u010cATHS vys\u00edl\u00e1 do boje Martina Chaloupsk\u00e9ho (reflexn\u00ed luk &#8211; kategorie RMO) a Lenku Kuncovou (kladkov\u00fd luk &#8211; kategorie CWO), kte\u0159\u00ed budou pod dohledem zku\u0161en\u00e9ho tren\u00e9ra Jaroslava Precl\u00edka.<\/p>\n<p>&nbsp;<\/p>\n<p>&#8222;<em>\u0160ance na \u00fasp\u011bch rozhodn\u011b jsou. Martin i Lenka jsou dob\u0159e p\u0159ipraveni, nicm\u00e9n\u011b kl\u00ed\u010dov\u00e9 bude zvl\u00e1dnout \u0161ampion\u00e1t z psychick\u00e9 str\u00e1nk<\/em>y&#8220;. Tvrd\u00ed vedouc\u00ed v\u00fdpravy a tren\u00e9r v jedn\u00e9 osob\u011b &#8211; Jarda Precl\u00edk, kter\u00fd tak\u00e9 pouk\u00e1zal dal\u0161\u00ed d\u016fle\u017eit\u00e9 aspekty &#8211; nap\u0159\u00edklad po\u010das\u00ed, kter\u00e9 m\u00e1 b\u00fdt v Holandsku velmi st\u0159\u00eddav\u00e9 (jeden den jasno, 20 stup\u0148\u016f nad nulou a dal\u0161\u00ed den de\u0161t\u011b s teplotami pod 10 stup\u0148\u016f) &#8211; je t\u0159eba tak\u00e9 br\u00e1t v potaz poru\u0161enou termoregulaci sportovc\u016f. Precl\u00edk tak\u00e9 zm\u00ednil d\u016fle\u017eitost losu v &#8222;pavoukovi&#8220; &#8211; tedy ve vy\u0159azovac\u00ed &#8222;play-off&#8220; f\u00e1zi turnaje, kde hodn\u011b z\u00e1le\u017e\u00ed na kvalit\u011b soupe\u0159e.<\/p>\n<p>&nbsp;<\/p>\n<p>Nejv\u011bt\u0161\u00ed \u0161ance na \u00fasp\u011bch z v\u00fdpravy \u010cR m\u00e1 bezesporu David Drahon\u00ednsk\u00fd (W1, Spastic Handicap) &#8211; medailista z posledn\u00edch LPH v Rio de Janeiru. S medailov\u00fdmi ambicemi odcestovala do zem\u011b tulip\u00e1n\u016f tak\u00e9 dal\u0161\u00ed medailistka z Ria &#8211; \u0160\u00e1rka Musilov\u00e1 (W1, Spastic Handicap). Velk\u00e9 ambice m\u00e1 rovn\u011b\u017e dal\u0161\u00ed z\u00e1stupce reflexn\u00edho luku &#8211; V\u00e1clav Ko\u0161\u0165\u00e1l (Spastic Handicap).<\/p>\n<p>&nbsp;<\/p>\n<p>Ve\u0161ker\u00e9 aktuality (\u010dasov\u00fd program, v\u00fdsledky, novinky&#8230;) m\u016f\u017eete sledovat na ofici\u00e1ln\u00edch str\u00e1nk\u00e1ch: <a href=\"https:\/\/worldarchery.org\/competition\/15769\/s-hertogenbosch-2019-world-archery-para-championships#\/\">https:\/\/worldarchery.org\/competition\/15769\/s-hertogenbosch-2019-world-archery-para-championships#\/<\/a><\/p>\n<p>&nbsp;<\/p>\n<p><em>Ilustra\u010dn\u00ed foto:<\/em><\/p>\n<p><a href=\"http:\/\/www.caths.cz\/wordpress\/wp-content\/uploads\/2019\/04\/56716086_10210871240095675_1401667443247546368_o.jpg\"><img loading=\"lazy\" decoding=\"async\" class=\"alignleft size-large wp-image-27147\" src=\"http:\/\/www.caths.cz\/wordpress\/wp-content\/uploads\/2019\/04\/56716086_10210871240095675_1401667443247546368_o-1024x1024.jpg\" alt=\"56716086_10210871240095675_1401667443247546368_o\" width=\"600\" height=\"600\" srcset=\"https:\/\/www.caths.cz\/wordpress\/wp-content\/uploads\/2019\/04\/56716086_10210871240095675_1401667443247546368_o-1024x1024.jpg 1024w, https:\/\/www.caths.cz\/wordpress\/wp-content\/uploads\/2019\/04\/56716086_10210871240095675_1401667443247546368_o-150x150.jpg 150w, https:\/\/www.caths.cz\/wordpress\/wp-content\/uploads\/2019\/04\/56716086_10210871240095675_1401667443247546368_o-300x300.jpg 300w, https:\/\/www.caths.cz\/wordpress\/wp-content\/uploads\/2019\/04\/56716086_10210871240095675_1401667443247546368_o-100x100.jpg 100w, https:\/\/www.caths.cz\/wordpress\/wp-content\/uploads\/2019\/04\/56716086_10210871240095675_1401667443247546368_o-120x120.jpg 120w, https:\/\/www.caths.cz\/wordpress\/wp-content\/uploads\/2019\/04\/56716086_10210871240095675_1401667443247546368_o.jpg 1080w\" sizes=\"auto, (max-width: 600px) 100vw, 600px\" \/><\/a><\/p>\n","protected":false},"excerpt":{"rendered":"<a href=\"https:\/\/www.caths.cz\/wordpress\/v-pondeli-startuje-ms-v-lukostrelbe\/\"><img width=\"100\" height=\"100\" src=\"https:\/\/www.caths.cz\/wordpress\/wp-content\/uploads\/2019\/04\/56716086_10210871240095675_1401667443247546368_o-100x100.jpg\" class=\"alignleft tfe wp-post-image\" alt=\"\" decoding=\"async\" loading=\"lazy\" srcset=\"https:\/\/www.caths.cz\/wordpress\/wp-content\/uploads\/2019\/04\/56716086_10210871240095675_1401667443247546368_o-100x100.jpg 100w, https:\/\/www.caths.cz\/wordpress\/wp-content\/uploads\/2019\/04\/56716086_10210871240095675_1401667443247546368_o-150x150.jpg 150w, https:\/\/www.caths.cz\/wordpress\/wp-content\/uploads\/2019\/04\/56716086_10210871240095675_1401667443247546368_o-300x300.jpg 300w, https:\/\/www.caths.cz\/wordpress\/wp-content\/uploads\/2019\/04\/56716086_10210871240095675_1401667443247546368_o-1024x1024.jpg 1024w, https:\/\/www.caths.cz\/wordpress\/wp-content\/uploads\/2019\/04\/56716086_10210871240095675_1401667443247546368_o-120x120.jpg 120w, https:\/\/www.caths.cz\/wordpress\/wp-content\/uploads\/2019\/04\/56716086_10210871240095675_1401667443247546368_o.jpg 1080w\" sizes=\"auto, (max-width: 100px) 100vw, 100px\" \/><\/a><p>V pond\u011bl\u00ed, 3.6.2019 za\u010d\u00edn\u00e1 v Holandsk\u00e9m Hertogenboschi Mistrovstv\u00ed sv\u011bta v paralukost\u0159elb\u011b. \u010cATHS vys\u00edl\u00e1 do boje Martina Chaloupsk\u00e9ho (reflexn\u00ed luk &#8211; kategorie RMO) a Lenku Kuncovou (kladkov\u00fd luk &#8211; kategorie CWO), [&hellip;]<\/p>\n","protected":false},"author":1,"featured_media":27147,"comment_status":"closed","ping_status":"closed","sticky":false,"template":"","format":"standard","meta":{"ngg_post_thumbnail":0,"footnotes":""},"categories":[13],"tags":[],"class_list":["post-27336","post","type-post","status-publish","format-standard","has-post-thumbnail","hentry","category-lukostrelba"],"_links":{"self":[{"href":"https:\/\/www.caths.cz\/wordpress\/wp-json\/wp\/v2\/posts\/27336","targetHints":{"allow":["GET"]}}],"collection":[{"href":"https:\/\/www.caths.cz\/wordpress\/wp-json\/wp\/v2\/posts"}],"about":[{"href":"https:\/\/www.caths.cz\/wordpress\/wp-json\/wp\/v2\/types\/post"}],"author":[{"embeddable":true,"href":"https:\/\/www.caths.cz\/wordpress\/wp-json\/wp\/v2\/users\/1"}],"replies":[{"embeddable":true,"href":"https:\/\/www.caths.cz\/wordpress\/wp-json\/wp\/v2\/comments?post=27336"}],"version-history":[{"count":3,"href":"https:\/\/www.caths.cz\/wordpress\/wp-json\/wp\/v2\/posts\/27336\/revisions"}],"predecessor-version":[{"id":27339,"href":"https:\/\/www.caths.cz\/wordpress\/wp-json\/wp\/v2\/posts\/27336\/revisions\/27339"}],"wp:featuredmedia":[{"embeddable":true,"href":"https:\/\/www.caths.cz\/wordpress\/wp-json\/wp\/v2\/media\/27147"}],"wp:attachment":[{"href":"https:\/\/www.caths.cz\/wordpress\/wp-json\/wp\/v2\/media?parent=27336"}],"wp:term":[{"taxonomy":"category","embeddable":true,"href":"https:\/\/www.caths.cz\/wordpress\/wp-json\/wp\/v2\/categories?post=27336"},{"taxonomy":"post_tag","embeddable":true,"href":"https:\/\/www.caths.cz\/wordpress\/wp-json\/wp\/v2\/tags?post=27336"}],"curies":[{"name":"wp","href":"https:\/\/api.w.org\/{rel}","templated":true}]}}