{"id":2733,"date":"2014-03-27T21:57:00","date_gmt":"2014-03-27T20:57:00","guid":{"rendered":"http:\/\/www.caths.cz\/wordpress\/?p=2733"},"modified":"2014-03-27T21:57:00","modified_gmt":"2014-03-27T20:57:00","slug":"olympijsky-vitez-jaroslav-kulhavy-si-na-handbike-zatrenoval-s-tomasem-mosnickou","status":"publish","type":"post","link":"https:\/\/www.caths.cz\/wordpress\/olympijsky-vitez-jaroslav-kulhavy-si-na-handbike-zatrenoval-s-tomasem-mosnickou\/","title":{"rendered":"Olympijsk\u00fd v\u00edt\u011bz Jaroslav Kulhav\u00fd si na handbike zatr\u00e9noval s Tom\u00e1\u0161em Mo\u0161ni\u010dkou"},"content":{"rendered":"<p>U\u017e jsme v\u00e1s informovali, \u017ee olympijsk\u00fd v\u00edt\u011bz Jaroslav Kulhav\u00fd, kter\u00fd si zlomil kolenn\u00ed \u010d\u00e9\u0161ku pro tr\u00e9nink, b\u011bhem l\u00e9\u010den\u00ed, pou\u017e\u00edval handbike, zap\u016fj\u010den\u00fd od \u0161\u00e9fa t\u00fdmu \u010cern\u00ed kon\u011b, Tom\u00e1\u0161e Poucha. Tato informace vyvolala celosv\u011btov\u00fd z\u00e1jem novin\u00e1\u0159\u016f a fanou\u0161k\u016f sportu. <br \/> Dnes u\u017e J\u00e1ra op\u011bt tvrd\u011b tr\u00e9nuje na sv\u00e9m klasick\u00e9m kole a zran\u011bn\u00e1 noha se rychle se uzdravuje. <\/p>\n<p> Z doby, kdy Jaroslav nemohl chodit jinak ne\u017e s berlemi a nohu m\u011bl fixovanou pevnou ort\u00e9zou v\u00e1m p\u0159in\u00e1\u0161\u00edme zaj\u00edmav\u00e9 video ze spole\u010dn\u00e9ho tr\u00e9ninku J\u00e1ry s handbikerem Tom\u00e1\u0161em Mo\u0161ni\u010dkou. <\/p>\n<p> <a href=\"http:\/\/www.\">http:\/\/www.<\/a>.<a href=\"http:\/\/zijushandicapem.cz\/clanky\/sport\/jaroslav-kulhavy-si-vyzkousel-spolecny-trening-na-handbiku-s-tomasem-mosnickou.html\">zijushandicapem.cz\/clanky\/sport\/jaroslav-kulhavy-si-vyzkousel-spolecny-trening-na-handbiku-s-tomasem-mosnickou.html<\/a> <\/p>\n<p> <img decoding=\"async\" src=\"\/wordpress\/image\/sekretarky\/cyklistika\/jarda_mosnicka.jpg\"> <\/p>\n<p> <img decoding=\"async\" src=\"\/wordpress\/image\/sekretarky\/cyklistika\/jarda_mosnicka2.jpg\"> <\/p>\n","protected":false},"excerpt":{"rendered":"<a href=\"https:\/\/www.caths.cz\/wordpress\/olympijsky-vitez-jaroslav-kulhavy-si-na-handbike-zatrenoval-s-tomasem-mosnickou\/\"><img loading=\"lazy\" decoding=\"async\" width=\"100\" height=\"100\" src=\"https:\/\/www.caths.cz\/wordpress\/wp-content\/plugins\/thumbnail-for-excerpts\/tfe_no_thumb.png\" class=\"alignleft wp-post-image tfe\" alt=\"\" title=\"\" \/><\/a><p>U\u017e jsme v\u00e1s informovali, \u017ee olympijsk\u00fd v\u00edt\u011bz Jaroslav Kulhav\u00fd, kter\u00fd si zlomil kolenn\u00ed \u010d\u00e9\u0161ku pro tr\u00e9nink, b\u011bhem l\u00e9\u010den\u00ed, pou\u017e\u00edval handbike, zap\u016fj\u010den\u00fd od \u0161\u00e9fa t\u00fdmu \u010cern\u00ed kon\u011b, Tom\u00e1\u0161e Poucha. Tato informace [&hellip;]<\/p>\n","protected":false},"author":1,"featured_media":0,"comment_status":"closed","ping_status":"closed","sticky":false,"template":"","format":"standard","meta":{"ngg_post_thumbnail":0,"footnotes":""},"categories":[6],"tags":[],"class_list":["post-2733","post","type-post","status-publish","format-standard","hentry","category-caths-info"],"_links":{"self":[{"href":"https:\/\/www.caths.cz\/wordpress\/wp-json\/wp\/v2\/posts\/2733","targetHints":{"allow":["GET"]}}],"collection":[{"href":"https:\/\/www.caths.cz\/wordpress\/wp-json\/wp\/v2\/posts"}],"about":[{"href":"https:\/\/www.caths.cz\/wordpress\/wp-json\/wp\/v2\/types\/post"}],"author":[{"embeddable":true,"href":"https:\/\/www.caths.cz\/wordpress\/wp-json\/wp\/v2\/users\/1"}],"replies":[{"embeddable":true,"href":"https:\/\/www.caths.cz\/wordpress\/wp-json\/wp\/v2\/comments?post=2733"}],"version-history":[{"count":0,"href":"https:\/\/www.caths.cz\/wordpress\/wp-json\/wp\/v2\/posts\/2733\/revisions"}],"wp:attachment":[{"href":"https:\/\/www.caths.cz\/wordpress\/wp-json\/wp\/v2\/media?parent=2733"}],"wp:term":[{"taxonomy":"category","embeddable":true,"href":"https:\/\/www.caths.cz\/wordpress\/wp-json\/wp\/v2\/categories?post=2733"},{"taxonomy":"post_tag","embeddable":true,"href":"https:\/\/www.caths.cz\/wordpress\/wp-json\/wp\/v2\/tags?post=2733"}],"curies":[{"name":"wp","href":"https:\/\/api.w.org\/{rel}","templated":true}]}}