{"id":2731,"date":"2014-03-25T20:11:59","date_gmt":"2014-03-25T19:11:59","guid":{"rendered":"http:\/\/www.caths.cz\/wordpress\/?p=2731"},"modified":"2014-03-25T20:11:59","modified_gmt":"2014-03-25T19:11:59","slug":"tereza-diepoldova-ma-nove-na-miru-postavene-kolo","status":"publish","type":"post","link":"https:\/\/www.caths.cz\/wordpress\/tereza-diepoldova-ma-nove-na-miru-postavene-kolo\/","title":{"rendered":"Tereza Diepoldov\u00e1 m\u00e1 nov\u00e9, na m\u00edru postaven\u00e9, kolo."},"content":{"rendered":"<p>St\u0159\u00edbrn\u00e1 medailistka z paralympijsk\u00fdch her v Lond\u00fdn\u011b, n\u011bkolikan\u00e1sobn\u00e1 medailistka mistrovstv\u00ed sv\u011bta a v\u00edt\u011bzka sv\u011btov\u00e9ho poh\u00e1ru Tereza Diepoldov\u00e1 (NUTREND Specialized racing) jezd\u00ed od za\u010d\u00e1tku sv\u00e9 cyklistick\u00e9 kari\u00e9ry na kolech zna\u010dky Specialized.<img decoding=\"async\" src=\"\/wordpress\/image\/sekretarky\/cyklistika\/tereza_specialized_karel_2.jpg\"> <\/p>\n<p> A tento cyklistick\u00fd gigant je na svou \u00fasp\u011b\u0161nou z\u00e1vodnici pat\u0159i\u010dn\u011b hrd\u00fd. Tereza je jednou z tv\u00e1\u0159\u00ed firmy a jej\u00edmu z\u00e1vodn\u00edmu stroji je v\u011bnov\u00e1na obrovsk\u00e1 p\u00e9\u010de.<br \/> Pro sez\u00f3nu 2014 dostala Tereza zcela nov\u00fd stroj, z\u00e1vodn\u00ed \u0159ady Amira S-Works, kter\u00fd v\u00e1\u017e\u00ed pouh\u00fdch 6,4 kg.<br \/> Za pomoci odborn\u00edk\u016f firmy Specialized veden\u00fdch Pavlem \u0160tedr\u00fdm pak bylo kolo uzp\u016fsobeno pot\u0159eb\u00e1m a po\u017eadavk\u016fm Terezy, d\u00edky m\u011b\u0159en\u00ed a nastaven\u00ed v programu BG FIT.<br \/> P\u0159in\u00e1\u0161\u00edme v\u00e1m zaj\u00edmavou fotoreport\u00e1\u017e Michala \u010cerven\u00e9ho jak takov\u00e9 odborn\u00e9 nastaven\u00ed a se\u0159\u00edzen\u00ed kola prob\u00edh\u00e1.<\/p>\n<p> FOTO: Michal \u010cerven\u00fd <\/p>\n<p> <img decoding=\"async\" src=\"\/wordpress\/image\/sekretarky\/cyklistika\/tereza_specialized_karel.jpg\"> <\/p>\n<p> <img decoding=\"async\" src=\"\/wordpress\/image\/sekretarky\/cyklistika\/tereza_specialized_karel\/tereza_specialized_karel_3.jpg\"> <\/p>\n<p> <img decoding=\"async\" src=\"\/wordpress\/image\/sekretarky\/cyklistika\/tereza_specialized_karel\/tereza_specialized_karel_4.jpg\"> <\/p>\n<p> <img decoding=\"async\" src=\"\/wordpress\/image\/sekretarky\/cyklistika\/tereza_specialized_karel\/tereza_specialized_karel_5.jpg\"> <\/p>\n<p> <img decoding=\"async\" src=\"\/wordpress\/image\/sekretarky\/cyklistika\/tereza_specialized_karel\/tereza_specialized_karel_6.jpg\"> <\/p>\n<p> <img decoding=\"async\" src=\"\/wordpress\/image\/sekretarky\/cyklistika\/tereza_specialized_karel\/tereza_specialized_karel_7jpg\"> <\/p>\n<p> <img decoding=\"async\" src=\"\/wordpress\/image\/sekretarky\/cyklistika\/tereza_specialized_karel\/tereza_specialized_karel_8.jpg\"> <\/p>\n<p> <img decoding=\"async\" src=\"\/wordpress\/image\/sekretarky\/cyklistika\/tereza_specialized_karel\/tereza_specialized_karel_9.jpg\"> <\/p>\n<p> <img decoding=\"async\" src=\"\/wordpress\/image\/sekretarky\/cyklistika\/tereza_specialized_karel\/tereza_specialized_karel_10.jpg\"> <\/p>\n<p> <img decoding=\"async\" src=\"\/wordpress\/image\/sekretarky\/cyklistika\/tereza_specialized_karel\/tereza_specialized_karel_11.jpg\"> <\/p>\n<p> <img decoding=\"async\" src=\"\/wordpress\/image\/sekretarky\/cyklistika\/tereza_specialized_karel\/tereza_specialized_karel_12.jpg\"> <\/p>\n<p> <img decoding=\"async\" src=\"\/wordpress\/image\/sekretarky\/cyklistika\/tereza_specialized_karel\/tereza_specialized_karel_13.jpg\"> <\/p>\n<p> <img decoding=\"async\" src=\"\/wordpress\/image\/sekretarky\/cyklistika\/tereza_specialized_karel\/tereza_specialized_karel_14.jpg\"> <\/p>\n<p> <img decoding=\"async\" src=\"\/wordpress\/image\/sekretarky\/cyklistika\/tereza_specialized_karel\/tereza_specialized_karel_15.jpg\"> <\/p>\n<p> <img decoding=\"async\" src=\"\/wordpress\/image\/sekretarky\/cyklistika\/tereza_specialized_karel\/tereza_specialized_karel_16.jpg\"> <\/p>\n<p> <img decoding=\"async\" src=\"\/wordpress\/image\/sekretarky\/cyklistika\/tereza_specialized_karel\/tereza_specialized_karel_17.jpg\"> <\/p>\n<p> <img decoding=\"async\" src=\"\/wordpress\/image\/sekretarky\/cyklistika\/tereza_specialized_karel\/tereza_specialized_karel_18.jpg\"> <\/p>\n<p> <img decoding=\"async\" src=\"\/wordpress\/image\/sekretarky\/cyklistika\/tereza_specialized_karel\/tereza_specialized_karel_19.jpg\"> <\/p>\n","protected":false},"excerpt":{"rendered":"<a href=\"https:\/\/www.caths.cz\/wordpress\/tereza-diepoldova-ma-nove-na-miru-postavene-kolo\/\"><img loading=\"lazy\" decoding=\"async\" width=\"100\" height=\"100\" src=\"https:\/\/www.caths.cz\/wordpress\/wp-content\/plugins\/thumbnail-for-excerpts\/tfe_no_thumb.png\" class=\"alignleft wp-post-image tfe\" alt=\"\" title=\"\" \/><\/a><p>St\u0159\u00edbrn\u00e1 medailistka z paralympijsk\u00fdch her v Lond\u00fdn\u011b, n\u011bkolikan\u00e1sobn\u00e1 medailistka mistrovstv\u00ed sv\u011bta a v\u00edt\u011bzka sv\u011btov\u00e9ho poh\u00e1ru Tereza Diepoldov\u00e1 (NUTREND Specialized racing) jezd\u00ed od za\u010d\u00e1tku sv\u00e9 cyklistick\u00e9 kari\u00e9ry na kolech zna\u010dky Specialized. [&hellip;]<\/p>\n","protected":false},"author":1,"featured_media":0,"comment_status":"closed","ping_status":"closed","sticky":false,"template":"","format":"standard","meta":{"ngg_post_thumbnail":0,"footnotes":""},"categories":[2],"tags":[],"class_list":["post-2731","post","type-post","status-publish","format-standard","hentry","category-cyklistika"],"_links":{"self":[{"href":"https:\/\/www.caths.cz\/wordpress\/wp-json\/wp\/v2\/posts\/2731","targetHints":{"allow":["GET"]}}],"collection":[{"href":"https:\/\/www.caths.cz\/wordpress\/wp-json\/wp\/v2\/posts"}],"about":[{"href":"https:\/\/www.caths.cz\/wordpress\/wp-json\/wp\/v2\/types\/post"}],"author":[{"embeddable":true,"href":"https:\/\/www.caths.cz\/wordpress\/wp-json\/wp\/v2\/users\/1"}],"replies":[{"embeddable":true,"href":"https:\/\/www.caths.cz\/wordpress\/wp-json\/wp\/v2\/comments?post=2731"}],"version-history":[{"count":0,"href":"https:\/\/www.caths.cz\/wordpress\/wp-json\/wp\/v2\/posts\/2731\/revisions"}],"wp:attachment":[{"href":"https:\/\/www.caths.cz\/wordpress\/wp-json\/wp\/v2\/media?parent=2731"}],"wp:term":[{"taxonomy":"category","embeddable":true,"href":"https:\/\/www.caths.cz\/wordpress\/wp-json\/wp\/v2\/categories?post=2731"},{"taxonomy":"post_tag","embeddable":true,"href":"https:\/\/www.caths.cz\/wordpress\/wp-json\/wp\/v2\/tags?post=2731"}],"curies":[{"name":"wp","href":"https:\/\/api.w.org\/{rel}","templated":true}]}}