{"id":2730,"date":"2014-03-24T20:40:24","date_gmt":"2014-03-24T19:40:24","guid":{"rendered":"http:\/\/www.caths.cz\/wordpress\/?p=2730"},"modified":"2014-03-24T20:40:24","modified_gmt":"2014-03-24T19:40:24","slug":"prvni-zavod-prazskeho-mtb-poharu-2014-v-kategorii-handicapovanych-cyklistu-vyhral-tomas-mastik","status":"publish","type":"post","link":"https:\/\/www.caths.cz\/wordpress\/prvni-zavod-prazskeho-mtb-poharu-2014-v-kategorii-handicapovanych-cyklistu-vyhral-tomas-mastik\/","title":{"rendered":"Prvn\u00ed z\u00e1vod Pra\u017esk\u00e9ho MTB poh\u00e1ru 2014 v kategorii handicapovan\u00fdch cyklist\u016f vyhr\u00e1l Tom\u00e1\u0161 Mast\u00edk"},"content":{"rendered":"<p>\u00davodn\u00ed z\u00e1vod tuzemsk\u00e9 sez\u00f3ny v olympijsk\u00e9m cross country horsk\u00fdch kol, Pra\u017esk\u00fd MTB poh\u00e1r, p\u0159iv\u00edtal z\u00e1vodn\u00edky a div\u00e1ky pouh\u00fdmi p\u011bti stupni nad nulou, vytrval\u00fdm de\u0161t\u011bm a bahnem. <img decoding=\"async\" src=\"\/wordpress\/image\/sekretarky\/cyklistika\/PMTBP\/PrazskyMTBpohar1-2014_11.jpg\"><\/p>\n<p> Absolutn\u00ed kontrast oproti sobotn\u00edmu tr\u00e9ninku, kdy jsme na pestr\u00e9 a technick\u00e9 trati zli\u010d\u00ednsk\u00e9ho Bike parku, v tepl\u00e9m, pra\u0161n\u00e9m a slune\u010dn\u00e9m po\u010das\u00ed mohli pozorovat des\u00edtky tr\u00e9nuj\u00edc\u00edch biker\u016f. Pro pra\u017esk\u00e9 po\u0159adatele bikov\u00fdch z\u00e1vod\u016f, kte\u0159\u00ed se st\u00e1le je\u0161t\u011b vzpamatov\u00e1vaj\u00ed z lo\u0148sk\u00fdch z\u00e1plavov\u00fdch de\u0161\u0165\u016f se za\u010d\u00edn\u00e1 st\u00e1vat krutou realitou, \u017ee pokud chcete za\u017e\u00edt opravdu extr\u00e9mn\u00ed bikov\u00e9 po\u010das\u00ed, a t\u00edm p\u00e1dem i hlubok\u00fd a \u201enev\u0161edn\u00ed\u201c pro\u017eitek, mus\u00edte vyrazit do Prahy&#8230; \ud83d\ude42 <\/p>\n<p> P\u0159es nep\u0159\u00edzniv\u00e9 po\u010das\u00ed se ale v Praze p\u0159edstavil cel\u00fd \u010desk\u00fd peloton horsk\u00fdch kol, z absolutn\u00ed \u0161pi\u010dky chyb\u011bli pouze Ond\u0159ej Cink a olympijsk\u00fd v\u00edt\u011bz Jaroslav Kulhav\u00fd, kter\u00fd si ale z\u00e1vod nenechal uj\u00edt jako div\u00e1k a p\u0159ijel podpo\u0159it sv\u00e9ho bratra Jana, startuj\u00edc\u00edho v kategorii junior\u016f. <\/p>\n<p> V kategorii handicapovan\u00fdch cyklist\u016f se nejl\u00e9pe s n\u00e1strahami trat\u011b dok\u00e1zal vypo\u0159\u00e1dat Tom\u00e1\u0161 Mast\u00edk z t\u00fdmu \u010cern\u00ed kon\u011b, p\u0159ed v\u00fdborn\u011b jedouc\u00edm Petrem Kocmanem (\u010deMBA) a Miroslavem Dongresem (MKV Sport) <\/p>\n<p> <img decoding=\"async\" src=\"\/wordpress\/image\/sekretarky\/cyklistika\/PMTBP\/PrazskyMTBpohar1-2014_08.jpg\"><\/p>\n<p> Kompletn\u00ed v\u00fdsledky ze z\u00e1vodu a fotogalerie Michala \u010cerven\u00e9ho na <a href=\"http:\/\/www.prahamtb.cz\">www.prahamtb.cz<\/a> nebo na <a href=\"http:\/\/www.skcpraha.cz\">www.skcpraha.cz<\/a> <\/p>\n<p> Druh\u00e9 kolo Pra\u017esk\u00e9ho MTB poh\u00e1ru 2014 se uskute\u010dn\u00ed v ned\u011bli 27. dubna v \u0158ep\u00edch. <img decoding=\"async\" src=\"\/wordpress\/image\/sekretarky\/cyklistika\/PMTBP\/142.JPG\"><\/p>\n","protected":false},"excerpt":{"rendered":"<a href=\"https:\/\/www.caths.cz\/wordpress\/prvni-zavod-prazskeho-mtb-poharu-2014-v-kategorii-handicapovanych-cyklistu-vyhral-tomas-mastik\/\"><img loading=\"lazy\" decoding=\"async\" width=\"100\" height=\"100\" src=\"https:\/\/www.caths.cz\/wordpress\/wp-content\/plugins\/thumbnail-for-excerpts\/tfe_no_thumb.png\" class=\"alignleft wp-post-image tfe\" alt=\"\" title=\"\" \/><\/a><p>\u00davodn\u00ed z\u00e1vod tuzemsk\u00e9 sez\u00f3ny v olympijsk\u00e9m cross country horsk\u00fdch kol, Pra\u017esk\u00fd MTB poh\u00e1r, p\u0159iv\u00edtal z\u00e1vodn\u00edky a div\u00e1ky pouh\u00fdmi p\u011bti stupni nad nulou, vytrval\u00fdm de\u0161t\u011bm a bahnem. Absolutn\u00ed kontrast oproti sobotn\u00edmu [&hellip;]<\/p>\n","protected":false},"author":1,"featured_media":0,"comment_status":"closed","ping_status":"closed","sticky":false,"template":"","format":"standard","meta":{"ngg_post_thumbnail":0,"footnotes":""},"categories":[40],"tags":[],"class_list":["post-2730","post","type-post","status-publish","format-standard","hentry","category-pojed-s-nami"],"_links":{"self":[{"href":"https:\/\/www.caths.cz\/wordpress\/wp-json\/wp\/v2\/posts\/2730","targetHints":{"allow":["GET"]}}],"collection":[{"href":"https:\/\/www.caths.cz\/wordpress\/wp-json\/wp\/v2\/posts"}],"about":[{"href":"https:\/\/www.caths.cz\/wordpress\/wp-json\/wp\/v2\/types\/post"}],"author":[{"embeddable":true,"href":"https:\/\/www.caths.cz\/wordpress\/wp-json\/wp\/v2\/users\/1"}],"replies":[{"embeddable":true,"href":"https:\/\/www.caths.cz\/wordpress\/wp-json\/wp\/v2\/comments?post=2730"}],"version-history":[{"count":0,"href":"https:\/\/www.caths.cz\/wordpress\/wp-json\/wp\/v2\/posts\/2730\/revisions"}],"wp:attachment":[{"href":"https:\/\/www.caths.cz\/wordpress\/wp-json\/wp\/v2\/media?parent=2730"}],"wp:term":[{"taxonomy":"category","embeddable":true,"href":"https:\/\/www.caths.cz\/wordpress\/wp-json\/wp\/v2\/categories?post=2730"},{"taxonomy":"post_tag","embeddable":true,"href":"https:\/\/www.caths.cz\/wordpress\/wp-json\/wp\/v2\/tags?post=2730"}],"curies":[{"name":"wp","href":"https:\/\/api.w.org\/{rel}","templated":true}]}}