{"id":27290,"date":"2019-05-21T12:56:58","date_gmt":"2019-05-21T11:56:58","guid":{"rendered":"http:\/\/www.caths.cz\/wordpress\/?p=27290"},"modified":"2019-05-21T12:56:58","modified_gmt":"2019-05-21T11:56:58","slug":"tomas-pesek-si-v-olomouci-pripsal-body-za-vitezstvi-v-1-kole-ceskeho-poharu-ve-sportovni-strelbe","status":"publish","type":"post","link":"https:\/\/www.caths.cz\/wordpress\/tomas-pesek-si-v-olomouci-pripsal-body-za-vitezstvi-v-1-kole-ceskeho-poharu-ve-sportovni-strelbe\/","title":{"rendered":"Tom\u00e1\u0161 Pe\u0161ek si v Olomouci p\u0159ipsal body za v\u00edt\u011bzstv\u00ed v 1. kole \u010cesk\u00e9ho poh\u00e1ru ve sportovn\u00ed st\u0159elb\u011b."},"content":{"rendered":"<p>Tom\u00e1\u0161 Pe\u0161ek si v\u00a0Olomouci p\u0159ipsal body za v\u00edt\u011bzstv\u00ed v\u00a01. kole \u010cesk\u00e9ho poh\u00e1ru ve sportovn\u00ed st\u0159elb\u011b.<\/p>\n<p>\u010cP TP se konal na Lazeck\u00e9 st\u0159elnici v\u00a0sobotu 4. 5. za \u00fa\u010dasti 13 st\u0159elc\u016f kategorie SH1 v\u00a0obou discipl\u00edn\u00e1ch. V 8,30 za\u010dala st\u0159eleck\u00e1 sout\u011b\u017e discipl\u00ednou P3\/sportovn\u00ed pistole 30+30 ran, kter\u00e1 se st\u0159\u00edl\u00ed na 25 metr\u016f. V\u00a0n\u00ed zv\u00edt\u011bzil Tom\u00e1\u0161 Pe\u0161ek s\u00a0563 body p\u0159ed druh\u00fdm Jakubem Koskem s 553 body a t\u0159et\u00edm Franti\u0161kem Kone\u010dn\u00fdm s 542 body. Po hodinov\u00e9 p\u0159est\u00e1vce pokra\u010doval z\u00e1vod discipl\u00ednou P1\/vzduchov\u00e1 pistole 60 ran, kter\u00e1 se st\u0159\u00edl\u00ed na 10 metr\u016f. Zv\u00edt\u011bzil op\u011bt Pe\u0161ek s\u00a0553 body p\u0159ed druh\u00fdm Koskem s 539 body a t\u0159et\u00edm Kone\u010dn\u00fdm s 532 body.<\/p>\n<p>vm<\/p>\n<p><a href=\"http:\/\/www.caths.cz\/wordpress\/wp-content\/uploads\/2019\/05\/1.kolo-\u010dp1.jpg\"><img loading=\"lazy\" decoding=\"async\" class=\"alignnone size-full wp-image-27291\" src=\"http:\/\/www.caths.cz\/wordpress\/wp-content\/uploads\/2019\/05\/1.kolo-\u010dp1.jpg\" alt=\"1.kolo \u010dp\" width=\"750\" height=\"1000\" srcset=\"https:\/\/www.caths.cz\/wordpress\/wp-content\/uploads\/2019\/05\/1.kolo-\u010dp1.jpg 750w, https:\/\/www.caths.cz\/wordpress\/wp-content\/uploads\/2019\/05\/1.kolo-\u010dp1-225x300.jpg 225w, https:\/\/www.caths.cz\/wordpress\/wp-content\/uploads\/2019\/05\/1.kolo-\u010dp1-90x120.jpg 90w\" sizes=\"auto, (max-width: 750px) 100vw, 750px\" \/><\/a><\/p>\n","protected":false},"excerpt":{"rendered":"<a href=\"https:\/\/www.caths.cz\/wordpress\/tomas-pesek-si-v-olomouci-pripsal-body-za-vitezstvi-v-1-kole-ceskeho-poharu-ve-sportovni-strelbe\/\"><img width=\"100\" height=\"100\" src=\"https:\/\/www.caths.cz\/wordpress\/wp-content\/uploads\/2019\/05\/1.kolo-\u010dp1-100x100.jpg\" class=\"alignleft tfe wp-post-image\" alt=\"\" decoding=\"async\" loading=\"lazy\" srcset=\"https:\/\/www.caths.cz\/wordpress\/wp-content\/uploads\/2019\/05\/1.kolo-\u010dp1-100x100.jpg 100w, https:\/\/www.caths.cz\/wordpress\/wp-content\/uploads\/2019\/05\/1.kolo-\u010dp1-150x150.jpg 150w\" sizes=\"auto, (max-width: 100px) 100vw, 100px\" \/><\/a><p>Tom\u00e1\u0161 Pe\u0161ek si v\u00a0Olomouci p\u0159ipsal body za v\u00edt\u011bzstv\u00ed v\u00a01. kole \u010cesk\u00e9ho poh\u00e1ru ve sportovn\u00ed st\u0159elb\u011b. \u010cP TP se konal na Lazeck\u00e9 st\u0159elnici v\u00a0sobotu 4. 5. za \u00fa\u010dasti 13 st\u0159elc\u016f kategorie [&hellip;]<\/p>\n","protected":false},"author":1,"featured_media":27291,"comment_status":"closed","ping_status":"closed","sticky":false,"template":"","format":"standard","meta":{"ngg_post_thumbnail":0,"footnotes":""},"categories":[18],"tags":[],"class_list":["post-27290","post","type-post","status-publish","format-standard","has-post-thumbnail","hentry","category-strelba"],"_links":{"self":[{"href":"https:\/\/www.caths.cz\/wordpress\/wp-json\/wp\/v2\/posts\/27290","targetHints":{"allow":["GET"]}}],"collection":[{"href":"https:\/\/www.caths.cz\/wordpress\/wp-json\/wp\/v2\/posts"}],"about":[{"href":"https:\/\/www.caths.cz\/wordpress\/wp-json\/wp\/v2\/types\/post"}],"author":[{"embeddable":true,"href":"https:\/\/www.caths.cz\/wordpress\/wp-json\/wp\/v2\/users\/1"}],"replies":[{"embeddable":true,"href":"https:\/\/www.caths.cz\/wordpress\/wp-json\/wp\/v2\/comments?post=27290"}],"version-history":[{"count":1,"href":"https:\/\/www.caths.cz\/wordpress\/wp-json\/wp\/v2\/posts\/27290\/revisions"}],"predecessor-version":[{"id":27292,"href":"https:\/\/www.caths.cz\/wordpress\/wp-json\/wp\/v2\/posts\/27290\/revisions\/27292"}],"wp:featuredmedia":[{"embeddable":true,"href":"https:\/\/www.caths.cz\/wordpress\/wp-json\/wp\/v2\/media\/27291"}],"wp:attachment":[{"href":"https:\/\/www.caths.cz\/wordpress\/wp-json\/wp\/v2\/media?parent=27290"}],"wp:term":[{"taxonomy":"category","embeddable":true,"href":"https:\/\/www.caths.cz\/wordpress\/wp-json\/wp\/v2\/categories?post=27290"},{"taxonomy":"post_tag","embeddable":true,"href":"https:\/\/www.caths.cz\/wordpress\/wp-json\/wp\/v2\/tags?post=27290"}],"curies":[{"name":"wp","href":"https:\/\/api.w.org\/{rel}","templated":true}]}}