{"id":27287,"date":"2019-05-21T12:53:16","date_gmt":"2019-05-21T11:53:16","guid":{"rendered":"http:\/\/www.caths.cz\/wordpress\/?p=27287"},"modified":"2019-05-21T12:53:16","modified_gmt":"2019-05-21T11:53:16","slug":"finalova-ucast-na-mezinarodni-strelecke-soutezi-ipc-v-hannoveru-konana-5-12-5-2019","status":"publish","type":"post","link":"https:\/\/www.caths.cz\/wordpress\/finalova-ucast-na-mezinarodni-strelecke-soutezi-ipc-v-hannoveru-konana-5-12-5-2019\/","title":{"rendered":"Fin\u00e1lov\u00e1 \u00fa\u010dast na mezin\u00e1rodn\u00ed st\u0159eleck\u00e9 sout\u011b\u017ei IPC v Hannoveru, konan\u00e1 5. \u2013 12. 5. 2019."},"content":{"rendered":"<p><strong>Fin\u00e1lov\u00e1 \u00fa\u010dast na mezin\u00e1rodn\u00ed st\u0159eleck\u00e9 sout\u011b\u017ei IPC v\u00a0Hannoveru, konan\u00e1 5. \u2013 12. 5. 2019. <\/strong><\/p>\n<p>U\u017e jen pohled na startovn\u00ed listiny jednotliv\u00fdch kategori\u00ed potvrdil, \u017ee se na leto\u0161n\u00edm st\u0159eleck\u00e9m\u00a0 z\u00e1vod\u011b v n\u011bmeck\u00e9m Hannoveru se\u0161la sv\u011btov\u00e1 \u0161pi\u010dka sportovn\u00edch st\u0159elc\u016f.<\/p>\n<p>Team \u010cesk\u00fdch reprezentant\u016f byl slo\u017een ze dvou st\u0159elc\u016f, a to kapit\u00e1na reprezentace Jakuba Koska a Franti\u0161ka Kone\u010dn\u00e9ho. \u010ce\u0161t\u00ed borci vyrazili na MZ IPC rovnou z\u00a01. kola \u010cesk\u00e9ho poh\u00e1ru z\u00a0Olomouce. Po p\u0159esp\u00e1n\u00ed v \u00dast\u00ed na Labem, dorazili st\u0159elci v ned\u011bli do Hannoveru, kde je \u010dekala registrace a p\u0159ej\u00edmka zbran\u00ed, kter\u00e1, oproti &#8222;z\u00e1\u017eitk\u016fm&#8220;\u00a0 z Al Ain, prob\u011bhla velmi hladce.<\/p>\n<p>Voln\u00e9 dny pond\u011bl\u00ed a\u017e st\u0159edu vyu\u017eili k dvouf\u00e1zov\u00e9mu tr\u00e9ninku, kter\u00fd se skl\u00e1dal ze &#8222;su\u0161en\u00ed&#8220; (n\u00e1cvik se zbran\u00ed bez st\u0159elby) a dvouhodinov\u00e9 st\u0159elb\u011b na hannoversk\u00e9 st\u0159elnici. Prvn\u00ed z\u00e1vod absolvovali na\u0161i borci ve \u010dtvrtek v\u00a0discipl\u00edn\u011b P1 (vzduchov\u00e1 pistole 60 ran) kter\u00fd p\u0159inesl v\u00fdsledek dle o\u010dek\u00e1v\u00e1n\u00ed Kosek 537 bod\u016f\/21. m\u00edsto, Kone\u010dn\u00fd 524 bod\u016f\/32. m\u00edsto. Po jednom dnu volna sout\u011b\u017e pro na\u0161e st\u0159elce pokra\u010dovala discipl\u00ednou P3 (sportovn\u00ed pistole\u00a030+30), kde se Kosek &#8222;prost\u0159\u00edlel&#8220; do fin\u00e1le s n\u00e1st\u0159elem 558 mezi osm nejlep\u0161\u00edch sv\u011btov\u00fdch st\u0159elc\u016f a obsadil 8. m\u00edsto. Kone\u010dn\u00fd se um\u00edstil s n\u00e1st\u0159elem 510 bod\u016f na 39. m\u00edst\u011b.<\/p>\n<p>V ned\u011bli je \u010dekal posledn\u00ed z\u00e1vod v discipl\u00edn\u011b P5 (standartn\u00ed vzduchov\u00e1 pistole 40), kde se dostavil prozat\u00edm nejv\u011bt\u0161\u00ed \u00fasp\u011bch leto\u0161n\u00edho vystoupen\u00ed \u010desk\u00e9 reprezentace. Jakub Kosek v tak siln\u011b obsazen\u00e9m z\u00e1vodu s n\u00e1st\u0159elem 342 bod\u016f z\u00edskal 4. m\u00edsto, p\u0159i\u010dem\u017e ho jen jeden bod d\u011blil od &#8222;bedny&#8220;. Franti\u0161ek Kone\u010dn\u00fd se s n\u00e1st\u0159elem 285 bod\u016f um\u00edstil na 23. m\u00edst\u011b.<\/p>\n<p>Leto\u0161n\u00ed konkurence v\u00a0Hannoveru st\u00e1la za to a v\u00fdsledky Koska jsou p\u0159\u00edslibem do dal\u0161\u00edch sv\u011btov\u00fdch sout\u011b\u017e\u00ed.<a href=\"http:\/\/www.caths.cz\/wordpress\/wp-content\/uploads\/2019\/05\/MZ-Hannover-2019.png\"><img loading=\"lazy\" decoding=\"async\" class=\"alignnone size-large wp-image-27288\" src=\"http:\/\/www.caths.cz\/wordpress\/wp-content\/uploads\/2019\/05\/MZ-Hannover-2019-1024x763.png\" alt=\"MZ Hannover 2019\" width=\"600\" height=\"447\" srcset=\"https:\/\/www.caths.cz\/wordpress\/wp-content\/uploads\/2019\/05\/MZ-Hannover-2019-1024x763.png 1024w, https:\/\/www.caths.cz\/wordpress\/wp-content\/uploads\/2019\/05\/MZ-Hannover-2019-300x223.png 300w, https:\/\/www.caths.cz\/wordpress\/wp-content\/uploads\/2019\/05\/MZ-Hannover-2019-120x89.png 120w, https:\/\/www.caths.cz\/wordpress\/wp-content\/uploads\/2019\/05\/MZ-Hannover-2019.png 1086w\" sizes=\"auto, (max-width: 600px) 100vw, 600px\" \/><\/a><\/p>\n","protected":false},"excerpt":{"rendered":"<a href=\"https:\/\/www.caths.cz\/wordpress\/finalova-ucast-na-mezinarodni-strelecke-soutezi-ipc-v-hannoveru-konana-5-12-5-2019\/\"><img width=\"100\" height=\"100\" src=\"https:\/\/www.caths.cz\/wordpress\/wp-content\/uploads\/2019\/05\/MZ-Hannover-2019-100x100.png\" class=\"alignleft tfe wp-post-image\" alt=\"\" decoding=\"async\" loading=\"lazy\" srcset=\"https:\/\/www.caths.cz\/wordpress\/wp-content\/uploads\/2019\/05\/MZ-Hannover-2019-100x100.png 100w, https:\/\/www.caths.cz\/wordpress\/wp-content\/uploads\/2019\/05\/MZ-Hannover-2019-150x150.png 150w\" sizes=\"auto, (max-width: 100px) 100vw, 100px\" \/><\/a><p>Fin\u00e1lov\u00e1 \u00fa\u010dast na mezin\u00e1rodn\u00ed st\u0159eleck\u00e9 sout\u011b\u017ei IPC v\u00a0Hannoveru, konan\u00e1 5. \u2013 12. 5. 2019. U\u017e jen pohled na startovn\u00ed listiny jednotliv\u00fdch kategori\u00ed potvrdil, \u017ee se na leto\u0161n\u00edm st\u0159eleck\u00e9m\u00a0 z\u00e1vod\u011b v [&hellip;]<\/p>\n","protected":false},"author":1,"featured_media":27288,"comment_status":"closed","ping_status":"closed","sticky":false,"template":"","format":"standard","meta":{"ngg_post_thumbnail":0,"footnotes":""},"categories":[18],"tags":[],"class_list":["post-27287","post","type-post","status-publish","format-standard","has-post-thumbnail","hentry","category-strelba"],"_links":{"self":[{"href":"https:\/\/www.caths.cz\/wordpress\/wp-json\/wp\/v2\/posts\/27287","targetHints":{"allow":["GET"]}}],"collection":[{"href":"https:\/\/www.caths.cz\/wordpress\/wp-json\/wp\/v2\/posts"}],"about":[{"href":"https:\/\/www.caths.cz\/wordpress\/wp-json\/wp\/v2\/types\/post"}],"author":[{"embeddable":true,"href":"https:\/\/www.caths.cz\/wordpress\/wp-json\/wp\/v2\/users\/1"}],"replies":[{"embeddable":true,"href":"https:\/\/www.caths.cz\/wordpress\/wp-json\/wp\/v2\/comments?post=27287"}],"version-history":[{"count":1,"href":"https:\/\/www.caths.cz\/wordpress\/wp-json\/wp\/v2\/posts\/27287\/revisions"}],"predecessor-version":[{"id":27289,"href":"https:\/\/www.caths.cz\/wordpress\/wp-json\/wp\/v2\/posts\/27287\/revisions\/27289"}],"wp:featuredmedia":[{"embeddable":true,"href":"https:\/\/www.caths.cz\/wordpress\/wp-json\/wp\/v2\/media\/27288"}],"wp:attachment":[{"href":"https:\/\/www.caths.cz\/wordpress\/wp-json\/wp\/v2\/media?parent=27287"}],"wp:term":[{"taxonomy":"category","embeddable":true,"href":"https:\/\/www.caths.cz\/wordpress\/wp-json\/wp\/v2\/categories?post=27287"},{"taxonomy":"post_tag","embeddable":true,"href":"https:\/\/www.caths.cz\/wordpress\/wp-json\/wp\/v2\/tags?post=27287"}],"curies":[{"name":"wp","href":"https:\/\/api.w.org\/{rel}","templated":true}]}}