{"id":27284,"date":"2019-05-19T22:49:29","date_gmt":"2019-05-19T21:49:29","guid":{"rendered":"http:\/\/www.caths.cz\/wordpress\/?p=27284"},"modified":"2019-05-19T22:49:29","modified_gmt":"2019-05-19T21:49:29","slug":"katerina-antosova-v-ostende-opet-vitezna-a-vede-svetovy-pohar","status":"publish","type":"post","link":"https:\/\/www.caths.cz\/wordpress\/katerina-antosova-v-ostende-opet-vitezna-a-vede-svetovy-pohar\/","title":{"rendered":"Kate\u0159ina Anto\u0161ov\u00e1 v Ostende op\u011bt v\u00edt\u011bzn\u00e1 a vede sv\u011btov\u00fd poh\u00e1r!"},"content":{"rendered":"<p>Sv\u011btov\u00fd poh\u00e1r v cyklistice handicapovan\u00fdch pokra\u010doval o v\u00edkendu silni\u010dn\u00edm z\u00e1vodem v\u0161ech kategori\u00ed a \u010desk\u00fdm z\u00e1vodn\u00edk\u016fm se op\u011bt da\u0159ilo.<\/p>\n<p>Sv\u00e9 druh\u00e9 zlato vybojovala Kate\u0159ina Anto\u0161ov\u00e1, kter\u00e1 znovu z\u00edskala skalp Angli\u010danky Darenov\u00e9. Katka zajela vynikaj\u00edc\u00ed z\u00e1vod, kter\u00fd m\u011bl ale velmi dramatick\u00fd a nap\u00ednav\u00fd pr\u016fb\u011bh. \u010cesk\u00e1 z\u00e1vodnice m\u011bla toti\u017e v p\u00e1t\u00e9m kole defekt a ztratila z\u00edskan\u00fd n\u00e1skok nad svou soupe\u0159kou. P\u0159esto se Kate\u0159in\u011b Anto\u0161ov\u00e9 poda\u0159ilo anglickou z\u00e1vodnici dostihnout a znovu si vybojovat n\u00e1skok, kter\u00fd rozhodl o jej\u00edm v\u00edt\u011bzstv\u00ed. Katka d\u00edky sv\u00fdm triumf\u016fm v Ostende obl\u00e9kla dres leadera sv\u011btov\u00e9ho poh\u00e1ru a pojede v n\u011bm ve t\u0159et\u00edm kole SP v Baie Comeau.<\/p>\n<p>Da\u0159ilo se i Patrikovi Jahodovi, kdy\u017e v silni\u010dn\u00edm z\u00e1vod\u011b kategorie H1 vybojoval \u010dtvrt\u00e9 m\u00edsto. Patrik byl po cel\u00fd z\u00e1vod velmi aktivn\u00ed, pokou\u0161el se roztrhat skupinu a v posledn\u00edm kole se pokusil o \u00fanik. Ten mu bohu\u017eel nevy\u0161el a byla z toho Patrikova neobl\u00edben\u00e1 bramborov\u00e1 medaile.<\/p>\n<p>Ivo Koblasa, kter\u00fd minul\u00fd t\u00fdden vybojoval st\u0159\u00edbrnou medaili v italsk\u00e9 Corridonii, bojoval v dne\u0161n\u00edm z\u00e1vod\u011b ve vedouc\u00ed skupin\u011b pelotonu kategorie C2. Ivo nakonec v c\u00edlov\u00e9 rovince pon\u011bkud ztratil a c\u00edlovou p\u00e1sku pro\u0165al na kone\u010dn\u00e9m \u0161est\u00e9m m\u00edst\u011b. Ve stejn\u00e9 kategorii dokon\u010dil Michal Stark na 19. p\u0159\u00ed\u010dce.<\/p>\n<p>V kategorii H3, v nejpo\u010detn\u011bj\u0161\u00edm startovn\u00edm poli \u010d\u00edtaj\u00edc\u00edm 53 jezdc\u016f, nastoupili dva \u010de\u0161t\u00ed jezdci Tom\u00e1\u0161 Mo\u0161ni\u010dka a V\u00e1clav Antal. Oba z\u00e1vodn\u00edci dojeli v po\u010detn\u00e9 skupin\u011b, ve kter\u00e9 se bojovalo o 6. m\u00edsto. Tom\u00e1\u0161 Mo\u0161ni\u010dka protnul c\u00edl na 15.m\u00edst\u011b a V\u00e1clav Antal na 20.<\/p>\n<p>Dal\u0161\u00ed, t\u0159et\u00ed kolo sv\u011btov\u00e9ho poh\u00e1ru se uskute\u010dn\u00ed v dalek\u00e9 Kanad\u011b v m\u011bste\u010dku Baie Comeau ve dnech 8. &#8211; 11.8.2019.<\/p>\n<p><a href=\"http:\/\/www.caths.cz\/wordpress\/wp-content\/uploads\/2019\/05\/IMG-20190517-WA0003.jpg\"><img loading=\"lazy\" decoding=\"async\" class=\"alignnone size-large wp-image-27285\" src=\"http:\/\/www.caths.cz\/wordpress\/wp-content\/uploads\/2019\/05\/IMG-20190517-WA0003-1024x768.jpg\" alt=\"IMG-20190517-WA0003\" width=\"600\" height=\"450\" srcset=\"https:\/\/www.caths.cz\/wordpress\/wp-content\/uploads\/2019\/05\/IMG-20190517-WA0003-1024x768.jpg 1024w, https:\/\/www.caths.cz\/wordpress\/wp-content\/uploads\/2019\/05\/IMG-20190517-WA0003-300x225.jpg 300w, https:\/\/www.caths.cz\/wordpress\/wp-content\/uploads\/2019\/05\/IMG-20190517-WA0003-120x90.jpg 120w, https:\/\/www.caths.cz\/wordpress\/wp-content\/uploads\/2019\/05\/IMG-20190517-WA0003.jpg 1440w\" sizes=\"auto, (max-width: 600px) 100vw, 600px\" \/><\/a><\/p>\n<p>&nbsp;<\/p>\n","protected":false},"excerpt":{"rendered":"<a href=\"https:\/\/www.caths.cz\/wordpress\/katerina-antosova-v-ostende-opet-vitezna-a-vede-svetovy-pohar\/\"><img width=\"100\" height=\"100\" src=\"https:\/\/www.caths.cz\/wordpress\/wp-content\/uploads\/2019\/05\/IMG-20190517-WA0003-100x100.jpg\" class=\"alignleft tfe wp-post-image\" alt=\"\" decoding=\"async\" loading=\"lazy\" srcset=\"https:\/\/www.caths.cz\/wordpress\/wp-content\/uploads\/2019\/05\/IMG-20190517-WA0003-100x100.jpg 100w, https:\/\/www.caths.cz\/wordpress\/wp-content\/uploads\/2019\/05\/IMG-20190517-WA0003-150x150.jpg 150w\" sizes=\"auto, (max-width: 100px) 100vw, 100px\" \/><\/a><p>Sv\u011btov\u00fd poh\u00e1r v cyklistice handicapovan\u00fdch pokra\u010doval o v\u00edkendu silni\u010dn\u00edm z\u00e1vodem v\u0161ech kategori\u00ed a \u010desk\u00fdm z\u00e1vodn\u00edk\u016fm se op\u011bt da\u0159ilo. Sv\u00e9 druh\u00e9 zlato vybojovala Kate\u0159ina Anto\u0161ov\u00e1, kter\u00e1 znovu z\u00edskala skalp Angli\u010danky Darenov\u00e9. [&hellip;]<\/p>\n","protected":false},"author":1,"featured_media":27285,"comment_status":"closed","ping_status":"closed","sticky":false,"template":"","format":"standard","meta":{"ngg_post_thumbnail":0,"footnotes":""},"categories":[2,9],"tags":[],"class_list":["post-27284","post","type-post","status-publish","format-standard","has-post-thumbnail","hentry","category-cyklistika","category-handbike"],"_links":{"self":[{"href":"https:\/\/www.caths.cz\/wordpress\/wp-json\/wp\/v2\/posts\/27284","targetHints":{"allow":["GET"]}}],"collection":[{"href":"https:\/\/www.caths.cz\/wordpress\/wp-json\/wp\/v2\/posts"}],"about":[{"href":"https:\/\/www.caths.cz\/wordpress\/wp-json\/wp\/v2\/types\/post"}],"author":[{"embeddable":true,"href":"https:\/\/www.caths.cz\/wordpress\/wp-json\/wp\/v2\/users\/1"}],"replies":[{"embeddable":true,"href":"https:\/\/www.caths.cz\/wordpress\/wp-json\/wp\/v2\/comments?post=27284"}],"version-history":[{"count":1,"href":"https:\/\/www.caths.cz\/wordpress\/wp-json\/wp\/v2\/posts\/27284\/revisions"}],"predecessor-version":[{"id":27286,"href":"https:\/\/www.caths.cz\/wordpress\/wp-json\/wp\/v2\/posts\/27284\/revisions\/27286"}],"wp:featuredmedia":[{"embeddable":true,"href":"https:\/\/www.caths.cz\/wordpress\/wp-json\/wp\/v2\/media\/27285"}],"wp:attachment":[{"href":"https:\/\/www.caths.cz\/wordpress\/wp-json\/wp\/v2\/media?parent=27284"}],"wp:term":[{"taxonomy":"category","embeddable":true,"href":"https:\/\/www.caths.cz\/wordpress\/wp-json\/wp\/v2\/categories?post=27284"},{"taxonomy":"post_tag","embeddable":true,"href":"https:\/\/www.caths.cz\/wordpress\/wp-json\/wp\/v2\/tags?post=27284"}],"curies":[{"name":"wp","href":"https:\/\/api.w.org\/{rel}","templated":true}]}}