{"id":27052,"date":"2019-02-28T23:57:25","date_gmt":"2019-02-28T22:57:25","guid":{"rendered":"http:\/\/www.caths.cz\/wordpress\/?p=27052"},"modified":"2019-02-28T23:57:25","modified_gmt":"2019-02-28T22:57:25","slug":"nejlepsim-handicapovanym-sportovcem-roku-je-strelec-tomas-pesek","status":"publish","type":"post","link":"https:\/\/www.caths.cz\/wordpress\/nejlepsim-handicapovanym-sportovcem-roku-je-strelec-tomas-pesek\/","title":{"rendered":"Nejlep\u0161\u00edm handicapovan\u00fdm sportovcem roku je st\u0159elec Tom\u00e1\u0161 Pe\u0161ek!!"},"content":{"rendered":"<p>Ve \u010dtvrtek 28.2.2019 prob\u011bhl slavnostn\u00ed ve\u010der u p\u0159\u00edle\u017eitosti vyhl\u00e1\u0161en\u00ed Nejlep\u0161\u00edho handicapovan\u00e9ho sportovce roku 2018 a n\u00e1s nesm\u00edrn\u011b t\u011b\u0161\u00ed, \u017ee se j\u00edm stal n\u00e1\u0161 st\u0159elec Tom\u00e1\u0161 Pe\u0161ek!<\/p>\n<p>Tom\u00e1\u0161 Pe\u0161ek z\u00edskal v anket\u011b je\u0161t\u011b dal\u0161\u00ed ocen\u011bn\u00ed za rok 2018 a sice Objev roku. Nezpochybniteln\u00e9 dv\u011b ceny mu p\u0159inesl \u00fasp\u011b\u0161n\u00fd lo\u0148sk\u00fd rok, b\u011bhem kter\u00e9ho Tom\u00e1\u0161 z\u00edskal n\u011bkolik medail\u00ed na sv\u011btov\u00fdch poh\u00e1rech, vybojoval kv\u00f3tu na letn\u00ed paralympijsk\u00e9 hry Tokyo 2020 a n\u00e1sledn\u011b p\u0159idal titul Mistra Evropy a v\u00edce mistra Evropy na evrospk\u00e9m \u0161ampion\u00e1tu v B\u011blehrad\u011b.<\/p>\n<p>Druh\u00e9 m\u00edsto v anket\u011b Nejlep\u0161\u00ed handicapovan\u00fd sportovec roku 2018 obsadil plavec Arno\u0161t Petr\u00e1\u010dek, kter\u00fd v lo\u0148sk\u00e9m roce vybojoval dva tituly Mistra Evropy v plav\u00e1n\u00ed. T\u0159et\u00ed se um\u00edstil stoln\u00ed tenista Ji\u0159\u00ed Such\u00e1nek, kter\u00fd p\u0159ivezl z Mistrovstv\u00ed sv\u011bta ve slovinsk\u00e9m La\u0161ku bronzovou medaili.<\/p>\n<p>V kategorii TOP 10 byli vyhl\u00e1\u0161en\u00ed i dal\u0161\u00ed sportovci \u010cATHS. Na \u010dtvrt\u00e9m m\u00edst\u011b se um\u00edstil triatlonista Jan Tom\u00e1nek, kter\u00fd obh\u00e1jil titul Mistra sv\u011bta v polovi\u010dn\u00edm Ironmanovi. Osm\u00e1 p\u0159\u00ed\u010dka pat\u0159\u00ed handbikerovi Patrikovi Jahodovi, kter\u00fd vybojoval dv\u011b 4.m\u00edsta na mistrovstv\u00ed sv\u011bta v cyklistice a dv\u011b medaile na sv\u011btov\u00e9m poh\u00e1ru. Des\u00e1tou p\u0159\u00ed\u010dku obsadila Kate\u0159ina Anto\u0161ov\u00e1, kter\u00e1 je tak\u00e9 dr\u017eitelkou dvou cenn\u00fdch kov\u016f ze sv\u011btov\u00e9ho poh\u00e1ru a na mistrovstv\u00ed sv\u011bta v italsk\u00e9m Maniagu vybojovala \u010dtvrt\u00e9 m\u00edsto v \u010dasovce.<\/p>\n<p><strong>Celkov\u00e9 po\u0159ad\u00ed TOP 10:<\/strong><br \/>\n1. Tom\u00e1\u0161 Pe\u0161ek, st\u0159elba<br \/>\n2. Arno\u0161t Petr\u00e1\u010dek, plav\u00e1n\u00ed<br \/>\n3. Ji\u0159\u00ed Such\u00e1nek, stoln\u00ed tenis<br \/>\n4. Jan Tom\u00e1nek, triatlon<br \/>\n5. Patrik Hetmer, ly\u017eov\u00e1n\u00ed<br \/>\n6. David Drahon\u00ednsk\u00fd, lukost\u0159elba<br \/>\n7. Ond\u0159ej Sedlisk\u00fd, tenis<br \/>\n8. Patrik Jahoda, cyklistika<br \/>\n9. Kate\u0159ina Hus\u00e1kov\u00e1, atletika<br \/>\n10. Kate\u0159ina Anto\u0161ov\u00e1, cyklistika<\/p>\n<p><strong>Objev roku mu\u017ei:<\/strong><br \/>\n1. Tom\u00e1\u0161 Pe\u0161ek, st\u0159elba<\/p>\n<p><strong>Objev roku \u017eeny:<\/strong><br \/>\nTereza Brandlov\u00e1, lukost\u0159elba<\/p>\n<p><strong>Junior roku:<\/strong><br \/>\nOnd\u0159ej Fran\u011bk, atletika<\/p>\n<p><strong>Juniorka roku:<\/strong><br \/>\nVendula Du\u0161kov\u00e1, plav\u00e1n\u00ed<\/p>\n<p><strong>T\u00fdm roku:<\/strong><br \/>\nmix team Drahon\u00ednsk\u00fd, Musilov\u00e1, lukost\u0159elba<\/p>\n<p><strong>Tren\u00e9\u0159i roku (za svaz):<\/strong><br \/>\nJi\u0159\u00ed Sm\u00e9kal, vzp\u00edr\u00e1n\u00ed (\u010cSZPS)<br \/>\nMartin E\u0161pandr, atletika (\u010cSMPS, \u010cSNS)<br \/>\nMilan Ja\u0161ek, stoln\u00ed tenis (\u010cSTPS)<br \/>\nPetr Vr\u00e1til, atletika (\u010cFSH)<br \/>\nKarel M\u00e1lek, st\u0159elba (\u010cATHS)<\/p>\n<p><strong>S\u00ed\u0148 sl\u00e1vy:<\/strong><br \/>\nPavel Vo\u0161ahl\u00edk, dlouholet\u00fd tren\u00e9r goalbalu<\/p>\n<p><a href=\"http:\/\/www.caths.cz\/wordpress\/wp-content\/uploads\/2019\/02\/53067072_10216776906833650_1646696865082638336_n-1.jpg\"><img loading=\"lazy\" decoding=\"async\" class=\"alignnone size-full wp-image-27053\" src=\"http:\/\/www.caths.cz\/wordpress\/wp-content\/uploads\/2019\/02\/53067072_10216776906833650_1646696865082638336_n-1.jpg\" alt=\"53067072_10216776906833650_1646696865082638336_n (1)\" width=\"720\" height=\"960\" srcset=\"https:\/\/www.caths.cz\/wordpress\/wp-content\/uploads\/2019\/02\/53067072_10216776906833650_1646696865082638336_n-1.jpg 720w, https:\/\/www.caths.cz\/wordpress\/wp-content\/uploads\/2019\/02\/53067072_10216776906833650_1646696865082638336_n-1-225x300.jpg 225w, https:\/\/www.caths.cz\/wordpress\/wp-content\/uploads\/2019\/02\/53067072_10216776906833650_1646696865082638336_n-1-90x120.jpg 90w\" sizes=\"auto, (max-width: 720px) 100vw, 720px\" \/><\/a><\/p>\n<p><a href=\"http:\/\/www.caths.cz\/wordpress\/wp-content\/uploads\/2019\/02\/52868945_10216776907113657_4363791359484624896_n.jpg\"><img loading=\"lazy\" decoding=\"async\" class=\"alignnone size-large wp-image-27054\" src=\"http:\/\/www.caths.cz\/wordpress\/wp-content\/uploads\/2019\/02\/52868945_10216776907113657_4363791359484624896_n.jpg\" alt=\"52868945_10216776907113657_4363791359484624896_n\" width=\"600\" height=\"450\" srcset=\"https:\/\/www.caths.cz\/wordpress\/wp-content\/uploads\/2019\/02\/52868945_10216776907113657_4363791359484624896_n.jpg 960w, https:\/\/www.caths.cz\/wordpress\/wp-content\/uploads\/2019\/02\/52868945_10216776907113657_4363791359484624896_n-300x225.jpg 300w, https:\/\/www.caths.cz\/wordpress\/wp-content\/uploads\/2019\/02\/52868945_10216776907113657_4363791359484624896_n-120x90.jpg 120w\" sizes=\"auto, (max-width: 600px) 100vw, 600px\" \/><\/a><\/p>\n<p><a href=\"http:\/\/www.caths.cz\/wordpress\/wp-content\/uploads\/2019\/02\/52926872_10216776906753648_4118075202443673600_n.jpg\"><img loading=\"lazy\" decoding=\"async\" class=\"alignnone size-large wp-image-27055\" src=\"http:\/\/www.caths.cz\/wordpress\/wp-content\/uploads\/2019\/02\/52926872_10216776906753648_4118075202443673600_n.jpg\" alt=\"52926872_10216776906753648_4118075202443673600_n\" width=\"600\" height=\"800\" srcset=\"https:\/\/www.caths.cz\/wordpress\/wp-content\/uploads\/2019\/02\/52926872_10216776906753648_4118075202443673600_n.jpg 720w, https:\/\/www.caths.cz\/wordpress\/wp-content\/uploads\/2019\/02\/52926872_10216776906753648_4118075202443673600_n-225x300.jpg 225w, https:\/\/www.caths.cz\/wordpress\/wp-content\/uploads\/2019\/02\/52926872_10216776906753648_4118075202443673600_n-90x120.jpg 90w\" sizes=\"auto, (max-width: 600px) 100vw, 600px\" \/><\/a><\/p>\n<p><a href=\"http:\/\/www.caths.cz\/wordpress\/wp-content\/uploads\/2019\/02\/52861293_10216776906913652_7837569498424016896_n.jpg\"><img loading=\"lazy\" decoding=\"async\" class=\"alignnone size-large wp-image-27056\" src=\"http:\/\/www.caths.cz\/wordpress\/wp-content\/uploads\/2019\/02\/52861293_10216776906913652_7837569498424016896_n.jpg\" alt=\"52861293_10216776906913652_7837569498424016896_n\" width=\"600\" height=\"800\" srcset=\"https:\/\/www.caths.cz\/wordpress\/wp-content\/uploads\/2019\/02\/52861293_10216776906913652_7837569498424016896_n.jpg 720w, https:\/\/www.caths.cz\/wordpress\/wp-content\/uploads\/2019\/02\/52861293_10216776906913652_7837569498424016896_n-225x300.jpg 225w, https:\/\/www.caths.cz\/wordpress\/wp-content\/uploads\/2019\/02\/52861293_10216776906913652_7837569498424016896_n-90x120.jpg 90w\" sizes=\"auto, (max-width: 600px) 100vw, 600px\" \/><\/a><\/p>\n<p>&nbsp;<\/p>\n<p>&nbsp;<\/p>\n<p>&nbsp;<\/p>\n","protected":false},"excerpt":{"rendered":"<a href=\"https:\/\/www.caths.cz\/wordpress\/nejlepsim-handicapovanym-sportovcem-roku-je-strelec-tomas-pesek\/\"><img width=\"100\" height=\"100\" src=\"https:\/\/www.caths.cz\/wordpress\/wp-content\/uploads\/2019\/02\/53067072_10216776906833650_1646696865082638336_n-1-100x100.jpg\" class=\"alignleft tfe wp-post-image\" alt=\"\" decoding=\"async\" loading=\"lazy\" srcset=\"https:\/\/www.caths.cz\/wordpress\/wp-content\/uploads\/2019\/02\/53067072_10216776906833650_1646696865082638336_n-1-100x100.jpg 100w, https:\/\/www.caths.cz\/wordpress\/wp-content\/uploads\/2019\/02\/53067072_10216776906833650_1646696865082638336_n-1-150x150.jpg 150w\" sizes=\"auto, (max-width: 100px) 100vw, 100px\" \/><\/a><p>Ve \u010dtvrtek 28.2.2019 prob\u011bhl slavnostn\u00ed ve\u010der u p\u0159\u00edle\u017eitosti vyhl\u00e1\u0161en\u00ed Nejlep\u0161\u00edho handicapovan\u00e9ho sportovce roku 2018 a n\u00e1s nesm\u00edrn\u011b t\u011b\u0161\u00ed, \u017ee se j\u00edm stal n\u00e1\u0161 st\u0159elec Tom\u00e1\u0161 Pe\u0161ek! Tom\u00e1\u0161 Pe\u0161ek z\u00edskal v [&hellip;]<\/p>\n","protected":false},"author":1,"featured_media":27053,"comment_status":"closed","ping_status":"closed","sticky":false,"template":"","format":"standard","meta":{"ngg_post_thumbnail":0,"footnotes":""},"categories":[6],"tags":[],"class_list":["post-27052","post","type-post","status-publish","format-standard","has-post-thumbnail","hentry","category-caths-info"],"_links":{"self":[{"href":"https:\/\/www.caths.cz\/wordpress\/wp-json\/wp\/v2\/posts\/27052","targetHints":{"allow":["GET"]}}],"collection":[{"href":"https:\/\/www.caths.cz\/wordpress\/wp-json\/wp\/v2\/posts"}],"about":[{"href":"https:\/\/www.caths.cz\/wordpress\/wp-json\/wp\/v2\/types\/post"}],"author":[{"embeddable":true,"href":"https:\/\/www.caths.cz\/wordpress\/wp-json\/wp\/v2\/users\/1"}],"replies":[{"embeddable":true,"href":"https:\/\/www.caths.cz\/wordpress\/wp-json\/wp\/v2\/comments?post=27052"}],"version-history":[{"count":1,"href":"https:\/\/www.caths.cz\/wordpress\/wp-json\/wp\/v2\/posts\/27052\/revisions"}],"predecessor-version":[{"id":27057,"href":"https:\/\/www.caths.cz\/wordpress\/wp-json\/wp\/v2\/posts\/27052\/revisions\/27057"}],"wp:featuredmedia":[{"embeddable":true,"href":"https:\/\/www.caths.cz\/wordpress\/wp-json\/wp\/v2\/media\/27053"}],"wp:attachment":[{"href":"https:\/\/www.caths.cz\/wordpress\/wp-json\/wp\/v2\/media?parent=27052"}],"wp:term":[{"taxonomy":"category","embeddable":true,"href":"https:\/\/www.caths.cz\/wordpress\/wp-json\/wp\/v2\/categories?post=27052"},{"taxonomy":"post_tag","embeddable":true,"href":"https:\/\/www.caths.cz\/wordpress\/wp-json\/wp\/v2\/tags?post=27052"}],"curies":[{"name":"wp","href":"https:\/\/api.w.org\/{rel}","templated":true}]}}