{"id":27048,"date":"2019-02-28T14:27:50","date_gmt":"2019-02-28T13:27:50","guid":{"rendered":"http:\/\/www.caths.cz\/wordpress\/?p=27048"},"modified":"2019-02-28T14:27:50","modified_gmt":"2019-02-28T13:27:50","slug":"uspechy-ceskych-strelcu-na-svetovem-poharu-v-al-ain","status":"publish","type":"post","link":"https:\/\/www.caths.cz\/wordpress\/uspechy-ceskych-strelcu-na-svetovem-poharu-v-al-ain\/","title":{"rendered":"\u00dasp\u011bchy \u010desk\u00fdch st\u0159elc\u016f na sv\u011btov\u00e9m poh\u00e1ru v Al Ain"},"content":{"rendered":"<p>Prvn\u00ed kolo sv\u011btov\u00e9ho poh\u00e1ru ve st\u0159elb\u011b maj\u00ed za sebou Tom\u00e1\u0161 Pe\u0161ek, Jakub Kosek a Miroslav Lidinsk\u00fd. A p\u0159es po\u010d\u00e1te\u010dn\u00ed pot\u00ed\u017ee s p\u0159evozem zbran\u00ed byla jejich \u00fa\u010dast \u00fasp\u011b\u0161n\u00e1!<\/p>\n<p>Tom\u00e1\u0161 Pe\u0161ek pro\u0161el nejl\u00e9pe s\u00edtem\u00a0\u010dty\u0159iceti \u010dlenn\u00e9ho startovn\u00edho pole v discipl\u00edn\u011b P1\u00a0 a probojoval se do fin\u00e1le, kde nakonec obsadil v\u00fdborn\u00e9 p\u00e1t\u00e9 m\u00edsto.<\/p>\n<p>Dal\u0161\u00ed kvalitn\u00ed um\u00edst\u011bn\u00ed p\u0159inesla discipl\u00edna pistole P5, kde oba \u010ce\u0161i, Jakub Kosek i Tom\u00e1\u0161 Pe\u0161ek, skon\u010dili v prvn\u00ed des\u00edtce.<\/p>\n<p>V\u00fdborn\u00fd v\u00fdsledek veze dom\u016f i Miroslav Lidinsk\u00fd, kter\u00fd v sout\u011b\u017ei kvalifikce na MS v Sydney v para trapu vybojoval v\u00edt\u011bzstv\u00ed a splnil kvalifika\u010dn\u00ed krit\u00e9ria \u00fa\u010dast na MS.<\/p>\n<p>Dal\u0161\u00ed podnik sv\u011btov\u00e9ho poh\u00e1ru \u010dek\u00e1 na \u010desk\u00e9 st\u0159elce v polsk\u00e9m \u0160t\u011bt\u00edn\u011b, kde budou bojovat o dal\u0161\u00ed vav\u0159\u00edny na konci dubna leto\u0161n\u00edho roku.<\/p>\n<p>Celkov\u00e9 v\u00fdsledky SP Al Ain naleznete <a href=\"https:\/\/www.paralympic.org\/shooting\/live-results\">ZDE<\/a><\/p>\n<p><a href=\"http:\/\/www.caths.cz\/wordpress\/wp-content\/uploads\/2019\/02\/52415989_10216707364295130_7528606743903862784_n.jpg\"><img loading=\"lazy\" decoding=\"async\" class=\"alignnone size-full wp-image-27050\" src=\"http:\/\/www.caths.cz\/wordpress\/wp-content\/uploads\/2019\/02\/52415989_10216707364295130_7528606743903862784_n.jpg\" alt=\"52415989_10216707364295130_7528606743903862784_n\" width=\"960\" height=\"556\" srcset=\"https:\/\/www.caths.cz\/wordpress\/wp-content\/uploads\/2019\/02\/52415989_10216707364295130_7528606743903862784_n.jpg 960w, https:\/\/www.caths.cz\/wordpress\/wp-content\/uploads\/2019\/02\/52415989_10216707364295130_7528606743903862784_n-300x174.jpg 300w, https:\/\/www.caths.cz\/wordpress\/wp-content\/uploads\/2019\/02\/52415989_10216707364295130_7528606743903862784_n-120x70.jpg 120w\" sizes=\"auto, (max-width: 960px) 100vw, 960px\" \/><\/a><\/p>\n<p>&nbsp;<\/p>\n","protected":false},"excerpt":{"rendered":"<a href=\"https:\/\/www.caths.cz\/wordpress\/uspechy-ceskych-strelcu-na-svetovem-poharu-v-al-ain\/\"><img width=\"100\" height=\"100\" src=\"https:\/\/www.caths.cz\/wordpress\/wp-content\/uploads\/2019\/02\/42849537_2484230324926645_4596529997962805248_o-100x100.jpg\" class=\"alignleft tfe wp-post-image\" alt=\"\" decoding=\"async\" loading=\"lazy\" srcset=\"https:\/\/www.caths.cz\/wordpress\/wp-content\/uploads\/2019\/02\/42849537_2484230324926645_4596529997962805248_o-100x100.jpg 100w, https:\/\/www.caths.cz\/wordpress\/wp-content\/uploads\/2019\/02\/42849537_2484230324926645_4596529997962805248_o-150x150.jpg 150w\" sizes=\"auto, (max-width: 100px) 100vw, 100px\" \/><\/a><p>Prvn\u00ed kolo sv\u011btov\u00e9ho poh\u00e1ru ve st\u0159elb\u011b maj\u00ed za sebou Tom\u00e1\u0161 Pe\u0161ek, Jakub Kosek a Miroslav Lidinsk\u00fd. A p\u0159es po\u010d\u00e1te\u010dn\u00ed pot\u00ed\u017ee s p\u0159evozem zbran\u00ed byla jejich \u00fa\u010dast \u00fasp\u011b\u0161n\u00e1! Tom\u00e1\u0161 Pe\u0161ek pro\u0161el [&hellip;]<\/p>\n","protected":false},"author":1,"featured_media":27049,"comment_status":"closed","ping_status":"closed","sticky":false,"template":"","format":"standard","meta":{"ngg_post_thumbnail":0,"footnotes":""},"categories":[18],"tags":[],"class_list":["post-27048","post","type-post","status-publish","format-standard","has-post-thumbnail","hentry","category-strelba"],"_links":{"self":[{"href":"https:\/\/www.caths.cz\/wordpress\/wp-json\/wp\/v2\/posts\/27048","targetHints":{"allow":["GET"]}}],"collection":[{"href":"https:\/\/www.caths.cz\/wordpress\/wp-json\/wp\/v2\/posts"}],"about":[{"href":"https:\/\/www.caths.cz\/wordpress\/wp-json\/wp\/v2\/types\/post"}],"author":[{"embeddable":true,"href":"https:\/\/www.caths.cz\/wordpress\/wp-json\/wp\/v2\/users\/1"}],"replies":[{"embeddable":true,"href":"https:\/\/www.caths.cz\/wordpress\/wp-json\/wp\/v2\/comments?post=27048"}],"version-history":[{"count":1,"href":"https:\/\/www.caths.cz\/wordpress\/wp-json\/wp\/v2\/posts\/27048\/revisions"}],"predecessor-version":[{"id":27051,"href":"https:\/\/www.caths.cz\/wordpress\/wp-json\/wp\/v2\/posts\/27048\/revisions\/27051"}],"wp:featuredmedia":[{"embeddable":true,"href":"https:\/\/www.caths.cz\/wordpress\/wp-json\/wp\/v2\/media\/27049"}],"wp:attachment":[{"href":"https:\/\/www.caths.cz\/wordpress\/wp-json\/wp\/v2\/media?parent=27048"}],"wp:term":[{"taxonomy":"category","embeddable":true,"href":"https:\/\/www.caths.cz\/wordpress\/wp-json\/wp\/v2\/categories?post=27048"},{"taxonomy":"post_tag","embeddable":true,"href":"https:\/\/www.caths.cz\/wordpress\/wp-json\/wp\/v2\/tags?post=27048"}],"curies":[{"name":"wp","href":"https:\/\/api.w.org\/{rel}","templated":true}]}}