{"id":27038,"date":"2019-02-26T00:15:38","date_gmt":"2019-02-25T23:15:38","guid":{"rendered":"http:\/\/www.caths.cz\/wordpress\/?p=27038"},"modified":"2019-02-26T00:15:38","modified_gmt":"2019-02-25T23:15:38","slug":"druhy-den-atletickeho-grand-prix-v-dubaji-a-dalsi-2-medaile-pro-cr-jakschova-opet-zlata","status":"publish","type":"post","link":"https:\/\/www.caths.cz\/wordpress\/druhy-den-atletickeho-grand-prix-v-dubaji-a-dalsi-2-medaile-pro-cr-jakschova-opet-zlata\/","title":{"rendered":"Druh\u00fd den atletick\u00e9ho Grand Prix v Dubaji a dal\u0161\u00ed 2 medaile pro \u010cR! Jakschov\u00e1 op\u011bt zlat\u00e1."},"content":{"rendered":"<p>Pond\u011bln\u00ed den p\u0159inesl atletick\u00e9 reprezentaci \u010cR dal\u0161\u00ed 2 cenn\u00e9 kovy. O obrovsk\u00fd \u00fasp\u011bch se postaral Fanda Serbus (F32), kter\u00fd se dok\u00e1zal hodem ku\u017eelkou dostat p\u0159es magickou hranici 30 metr\u016f a v\u00fdkonem 30,52m zajistil na\u0161im barv\u00e1m bronzovou \u201eplacku\u201c. S\u00e1m Fanda \u0159\u00edk\u00e1, \u017ee m\u011bl dobr\u00e9 v\u011btrn\u00e9 podm\u00ednky, a \u017ee mu kone\u010dn\u011b vy\u0161el hod tak, jak cht\u011bl. T\u0159et\u00ed p\u0159\u00ed\u010dka a velmi dobr\u00fd v\u00fdkon tak znamen\u00e1 maxim\u00e1ln\u00ed spokojenost nejen pro Fandu, ale tak\u00e9 pro jeho tren\u00e9ra Pavla Mart\u00ednka. Fanda se vrac\u00ed na vrcholovou \u00farove\u0148 po dlouh\u00e9 nucen\u00e9 zdravotn\u00ed pauze z\u00a0roku 2018, o to cenn\u011bj\u0161\u00ed v\u00fdsledek je.<\/p>\n<p>Od 18:00 byl na pond\u011bln\u00edm programu tak\u00e9 sprint \u017een na 100m. Pro fantastick\u00e9 celkov\u00e9 prvenstv\u00ed si dob\u011b\u017eela Terka Jakschov\u00e1 (T47), kter\u00e1 ke sv\u00e9 zlat\u00e9 medaili za sprint 200m p\u0159idala tak\u00e9 zlatou radost pr\u00e1v\u011b z\u00a0b\u011bhu na 100 metr\u016f. Terka uvedla, \u017ee v\u00fdkon (13,34s) nebyl \u00fapln\u011b podle jej\u00edch p\u0159edstav, ale je spokojen\u00e1 s\u00a0celkov\u00fdm prvenstv\u00edm. Dle jej\u00edch slov se b\u011bhem z\u00e1vodu musela vypo\u0159\u00e1dat s \u201ep\u00edse\u010dn\u00fdm urag\u00e1nem\u201c.<\/p>\n<p>O medaile usiloval tak\u00e9 Ale\u0161 Kis\u00fd (F53), spole\u010dn\u011b se zku\u0161en\u00fdm harcovn\u00edkem Standou N\u00e1\u010dinem (F54) ve slou\u010den\u00e9 kategorii ve vrhu koul\u00ed. Ale\u0161 podal slu\u0161n\u00fd v\u00fdkon, ale na medaili bohu\u017eel nedos\u00e1hl a skon\u010dil t\u011bsn\u011b za \u201ebednou\u201c na \u010dtvrt\u00e9m m\u00edst\u011b. Standa skon\u010dil na \u00favod sez\u00f3ny na dev\u00e1t\u00e9m m\u00edst\u011b.<\/p>\n<p>Za Spastic Handicap dnes sout\u011b\u017eila Ani\u010dka Luxov\u00e1 (T35), Petr Vr\u00e1til (F38) a Michal Pallag (F37). Tito reprezentanti sice skon\u010dili bez medaile, nicm\u00e9n\u011b Michal Pallag si vylep\u0161il ve vrhu koul\u00ed sv\u00e9 osobn\u00ed maximum.<\/p>\n<p>Z\u00edt\u0159ej\u0161\u00ed den nab\u00eddne zaj\u00edmav\u00e9 d\u011bn\u00ed v\u00a0sektoru o\u0161t\u011bpu, kde bude ve slou\u010den\u00e9 kategorii F55 a F56 v\u00e1l\u010dit o medaili Ka\u010dka Nov\u00e1kov\u00e1 (F55). Interesantn\u00ed bude tak\u00e9 disk, kde se m\u016f\u017eeme t\u011b\u0161it na Standu N\u00e1\u010dina (F54).<\/p>\n<p><a href=\"http:\/\/www.caths.cz\/wordpress\/wp-content\/uploads\/2019\/02\/2602-2019-015684926872908814538.jpeg\"><img loading=\"lazy\" decoding=\"async\" class=\"alignnone size-large wp-image-27039\" src=\"http:\/\/www.caths.cz\/wordpress\/wp-content\/uploads\/2019\/02\/2602-2019-015684926872908814538-576x1024.jpeg\" alt=\"2602-2019-015684926872908814538\" width=\"576\" height=\"1024\" \/><\/a><\/p>\n<p><a href=\"http:\/\/www.caths.cz\/wordpress\/wp-content\/uploads\/2019\/02\/IMG_4661.jpg\"><img loading=\"lazy\" decoding=\"async\" class=\"alignnone size-large wp-image-27040\" src=\"http:\/\/www.caths.cz\/wordpress\/wp-content\/uploads\/2019\/02\/IMG_4661-1024x683.jpg\" alt=\"IMG_4661\" width=\"600\" height=\"400\" srcset=\"https:\/\/www.caths.cz\/wordpress\/wp-content\/uploads\/2019\/02\/IMG_4661-1024x683.jpg 1024w, https:\/\/www.caths.cz\/wordpress\/wp-content\/uploads\/2019\/02\/IMG_4661-300x200.jpg 300w, https:\/\/www.caths.cz\/wordpress\/wp-content\/uploads\/2019\/02\/IMG_4661-120x80.jpg 120w\" sizes=\"auto, (max-width: 600px) 100vw, 600px\" \/><\/a><\/p>\n<p><a href=\"http:\/\/www.caths.cz\/wordpress\/wp-content\/uploads\/2019\/02\/IMG_4645.jpg\"><img loading=\"lazy\" decoding=\"async\" class=\"alignnone size-large wp-image-27041\" src=\"http:\/\/www.caths.cz\/wordpress\/wp-content\/uploads\/2019\/02\/IMG_4645-1024x683.jpg\" alt=\"IMG_4645\" width=\"600\" height=\"400\" srcset=\"https:\/\/www.caths.cz\/wordpress\/wp-content\/uploads\/2019\/02\/IMG_4645-1024x683.jpg 1024w, https:\/\/www.caths.cz\/wordpress\/wp-content\/uploads\/2019\/02\/IMG_4645-300x200.jpg 300w, https:\/\/www.caths.cz\/wordpress\/wp-content\/uploads\/2019\/02\/IMG_4645-120x80.jpg 120w\" sizes=\"auto, (max-width: 600px) 100vw, 600px\" \/><\/a><\/p>\n<p><a href=\"http:\/\/www.caths.cz\/wordpress\/wp-content\/uploads\/2019\/02\/2602-2019-015776726873826440215.jpeg\"><img loading=\"lazy\" decoding=\"async\" class=\"alignnone size-large wp-image-27042\" src=\"http:\/\/www.caths.cz\/wordpress\/wp-content\/uploads\/2019\/02\/2602-2019-015776726873826440215-576x1024.jpeg\" alt=\"2602-2019-015776726873826440215\" width=\"576\" height=\"1024\" srcset=\"https:\/\/www.caths.cz\/wordpress\/wp-content\/uploads\/2019\/02\/2602-2019-015776726873826440215-576x1024.jpeg 576w, https:\/\/www.caths.cz\/wordpress\/wp-content\/uploads\/2019\/02\/2602-2019-015776726873826440215-169x300.jpeg 169w, https:\/\/www.caths.cz\/wordpress\/wp-content\/uploads\/2019\/02\/2602-2019-015776726873826440215-67x120.jpeg 67w, https:\/\/www.caths.cz\/wordpress\/wp-content\/uploads\/2019\/02\/2602-2019-015776726873826440215.jpeg 750w\" sizes=\"auto, (max-width: 576px) 100vw, 576px\" \/><\/a><\/p>\n","protected":false},"excerpt":{"rendered":"<a href=\"https:\/\/www.caths.cz\/wordpress\/druhy-den-atletickeho-grand-prix-v-dubaji-a-dalsi-2-medaile-pro-cr-jakschova-opet-zlata\/\"><img width=\"100\" height=\"100\" src=\"https:\/\/www.caths.cz\/wordpress\/wp-content\/uploads\/2019\/02\/IMG_4661-100x100.jpg\" class=\"alignleft tfe wp-post-image\" alt=\"\" decoding=\"async\" loading=\"lazy\" srcset=\"https:\/\/www.caths.cz\/wordpress\/wp-content\/uploads\/2019\/02\/IMG_4661-100x100.jpg 100w, https:\/\/www.caths.cz\/wordpress\/wp-content\/uploads\/2019\/02\/IMG_4661-150x150.jpg 150w\" sizes=\"auto, (max-width: 100px) 100vw, 100px\" \/><\/a><p>Pond\u011bln\u00ed den p\u0159inesl atletick\u00e9 reprezentaci \u010cR dal\u0161\u00ed 2 cenn\u00e9 kovy. O obrovsk\u00fd \u00fasp\u011bch se postaral Fanda Serbus (F32), kter\u00fd se dok\u00e1zal hodem ku\u017eelkou dostat p\u0159es magickou hranici 30 metr\u016f a [&hellip;]<\/p>\n","protected":false},"author":1,"featured_media":27040,"comment_status":"closed","ping_status":"closed","sticky":false,"template":"","format":"standard","meta":{"ngg_post_thumbnail":0,"footnotes":""},"categories":[5],"tags":[],"class_list":["post-27038","post","type-post","status-publish","format-standard","has-post-thumbnail","hentry","category-atletika"],"_links":{"self":[{"href":"https:\/\/www.caths.cz\/wordpress\/wp-json\/wp\/v2\/posts\/27038","targetHints":{"allow":["GET"]}}],"collection":[{"href":"https:\/\/www.caths.cz\/wordpress\/wp-json\/wp\/v2\/posts"}],"about":[{"href":"https:\/\/www.caths.cz\/wordpress\/wp-json\/wp\/v2\/types\/post"}],"author":[{"embeddable":true,"href":"https:\/\/www.caths.cz\/wordpress\/wp-json\/wp\/v2\/users\/1"}],"replies":[{"embeddable":true,"href":"https:\/\/www.caths.cz\/wordpress\/wp-json\/wp\/v2\/comments?post=27038"}],"version-history":[{"count":1,"href":"https:\/\/www.caths.cz\/wordpress\/wp-json\/wp\/v2\/posts\/27038\/revisions"}],"predecessor-version":[{"id":27043,"href":"https:\/\/www.caths.cz\/wordpress\/wp-json\/wp\/v2\/posts\/27038\/revisions\/27043"}],"wp:featuredmedia":[{"embeddable":true,"href":"https:\/\/www.caths.cz\/wordpress\/wp-json\/wp\/v2\/media\/27040"}],"wp:attachment":[{"href":"https:\/\/www.caths.cz\/wordpress\/wp-json\/wp\/v2\/media?parent=27038"}],"wp:term":[{"taxonomy":"category","embeddable":true,"href":"https:\/\/www.caths.cz\/wordpress\/wp-json\/wp\/v2\/categories?post=27038"},{"taxonomy":"post_tag","embeddable":true,"href":"https:\/\/www.caths.cz\/wordpress\/wp-json\/wp\/v2\/tags?post=27038"}],"curies":[{"name":"wp","href":"https:\/\/api.w.org\/{rel}","templated":true}]}}