{"id":26986,"date":"2019-02-13T12:25:42","date_gmt":"2019-02-13T11:25:42","guid":{"rendered":"http:\/\/www.caths.cz\/wordpress\/?p=26986"},"modified":"2019-02-13T17:51:48","modified_gmt":"2019-02-13T16:51:48","slug":"zacina-svetovy-pohar-ve-strelbe-v-al-ain-a-budou-u-toho-i-tri-cesi-pesek-kosek-a-lidinsky","status":"publish","type":"post","link":"https:\/\/www.caths.cz\/wordpress\/zacina-svetovy-pohar-ve-strelbe-v-al-ain-a-budou-u-toho-i-tri-cesi-pesek-kosek-a-lidinsky\/","title":{"rendered":"Za\u010d\u00edn\u00e1 sv\u011btov\u00fd poh\u00e1r ve st\u0159elb\u011b v Al Ain a budou u toho i t\u0159i \u010ce\u0161i Pe\u0161ek , Kosek a Lidinsk\u00fd"},"content":{"rendered":"<p>\u010cesk\u00e1 reprezentace ve st\u0159elb\u011b m\u00e1 p\u0159ed sebou \u00fa\u010dast v prvn\u00edm kole sv\u011btov\u00e9ho poh\u00e1ru ve st\u0159elb\u011b, kter\u00fd prob\u011bhne ve Spojen\u00fdch Arabsk\u00fdch Emir\u00e1tech ve m\u011bst\u011b Al Ain.<\/p>\n<p>Za \u010ceskou republiku se jej z\u00fa\u010dastn\u00ed reprezentanti Jakub Kosek a Tom\u00e1\u0161 Pe\u0161ek, oba v disc\u00edpl\u00edn\u00e1ch vzduchov\u00e1 pistole a malor\u00e1\u017en\u00ed pistole. Miroslav Lidinsk\u00fd bude startovat v nov\u00e9 discipl\u00edn\u011b st\u0159elby handicapovan\u00fdch v para trapu.<\/p>\n<p>Jakub Kosek bude bojovat o zisk kv\u00f3ty na letn\u00ed paralympijsk\u00e9 hry Tokio 2020. V Al Ain se jich bude rozd\u011blovat pouze 5, ale Jakubovy \u0161ance nejsou mal\u00e9.<\/p>\n<p>Tom\u00e1\u0161 Pe\u0161ek po lo\u0148sk\u00e9 velmi \u00fasp\u011b\u0161n\u00e9 sez\u00f3n\u011b m\u00e1 ji\u017e \u00fa\u010dast v Tokiu jistou. \u010cek\u00e1 jej tedy &#8222;pouze&#8220; boj o co nejcenn\u011bj\u0161\u00ed um\u00edst\u011bn\u00ed a spln\u011bn\u00ed dal\u0161\u00edch MQS limit\u016f ve sv\u00fdch discipln\u00e1ch.<\/p>\n<p>Miroslav Lidinsk\u00fd se utk\u00e1 se soupe\u0159i tak\u00e9 o MQS limity na Mistrovstv\u00ed sv\u011bta v nejmlad\u0161\u00ed discipl\u00edn\u011b para trap, kter\u00e1 m\u011bla premi\u00e9ru na nejvy\u0161\u0161\u00ed \u00farovni teprve v lo\u0148sk\u00e9m roce.<\/p>\n<p>St\u0159eleck\u00e9 sout\u011b\u017ee se rozb\u011bhnou v sobotu 16.2.2019.<\/p>\n<p>Komletn\u00ed \u010dasov\u00fd program SP Al Ain naleznete ZDE &#8211;\u00a0<a href=\"http:\/\/www.caths.cz\/wordpress\/wp-content\/uploads\/2019\/02\/Al-Ain-2019-WSPS-World-Cup-Final-Schedule.pdf\">Al Ain 2019 WSPS World Cup Final Schedule<\/a><\/p>\n<p><a href=\"http:\/\/www.caths.cz\/wordpress\/wp-content\/uploads\/2019\/02\/sta\u017een\u00fd-soubor.jpg\"><img loading=\"lazy\" decoding=\"async\" class=\"alignnone size-thumbnail wp-image-26988\" src=\"http:\/\/www.caths.cz\/wordpress\/wp-content\/uploads\/2019\/02\/sta\u017een\u00fd-soubor-150x150.jpg\" alt=\"sta\u017een\u00fd soubor\" width=\"150\" height=\"150\" srcset=\"https:\/\/www.caths.cz\/wordpress\/wp-content\/uploads\/2019\/02\/sta\u017een\u00fd-soubor-150x150.jpg 150w, https:\/\/www.caths.cz\/wordpress\/wp-content\/uploads\/2019\/02\/sta\u017een\u00fd-soubor-100x100.jpg 100w, https:\/\/www.caths.cz\/wordpress\/wp-content\/uploads\/2019\/02\/sta\u017een\u00fd-soubor-120x120.jpg 120w, https:\/\/www.caths.cz\/wordpress\/wp-content\/uploads\/2019\/02\/sta\u017een\u00fd-soubor.jpg 225w\" sizes=\"auto, (max-width: 150px) 100vw, 150px\" \/><\/a><\/p>\n","protected":false},"excerpt":{"rendered":"<a href=\"https:\/\/www.caths.cz\/wordpress\/zacina-svetovy-pohar-ve-strelbe-v-al-ain-a-budou-u-toho-i-tri-cesi-pesek-kosek-a-lidinsky\/\"><img width=\"100\" height=\"100\" src=\"https:\/\/www.caths.cz\/wordpress\/wp-content\/uploads\/2019\/02\/sta\u017een\u00fd-soubor-100x100.jpg\" class=\"alignleft tfe wp-post-image\" alt=\"\" decoding=\"async\" loading=\"lazy\" srcset=\"https:\/\/www.caths.cz\/wordpress\/wp-content\/uploads\/2019\/02\/sta\u017een\u00fd-soubor-100x100.jpg 100w, https:\/\/www.caths.cz\/wordpress\/wp-content\/uploads\/2019\/02\/sta\u017een\u00fd-soubor-150x150.jpg 150w, https:\/\/www.caths.cz\/wordpress\/wp-content\/uploads\/2019\/02\/sta\u017een\u00fd-soubor-120x120.jpg 120w, https:\/\/www.caths.cz\/wordpress\/wp-content\/uploads\/2019\/02\/sta\u017een\u00fd-soubor.jpg 225w\" sizes=\"auto, (max-width: 100px) 100vw, 100px\" \/><\/a><p>\u010cesk\u00e1 reprezentace ve st\u0159elb\u011b m\u00e1 p\u0159ed sebou \u00fa\u010dast v prvn\u00edm kole sv\u011btov\u00e9ho poh\u00e1ru ve st\u0159elb\u011b, kter\u00fd prob\u011bhne ve Spojen\u00fdch Arabsk\u00fdch Emir\u00e1tech ve m\u011bst\u011b Al Ain. Za \u010ceskou republiku se jej [&hellip;]<\/p>\n","protected":false},"author":1,"featured_media":26988,"comment_status":"closed","ping_status":"closed","sticky":false,"template":"","format":"standard","meta":{"ngg_post_thumbnail":0,"footnotes":""},"categories":[18],"tags":[],"class_list":["post-26986","post","type-post","status-publish","format-standard","has-post-thumbnail","hentry","category-strelba"],"_links":{"self":[{"href":"https:\/\/www.caths.cz\/wordpress\/wp-json\/wp\/v2\/posts\/26986","targetHints":{"allow":["GET"]}}],"collection":[{"href":"https:\/\/www.caths.cz\/wordpress\/wp-json\/wp\/v2\/posts"}],"about":[{"href":"https:\/\/www.caths.cz\/wordpress\/wp-json\/wp\/v2\/types\/post"}],"author":[{"embeddable":true,"href":"https:\/\/www.caths.cz\/wordpress\/wp-json\/wp\/v2\/users\/1"}],"replies":[{"embeddable":true,"href":"https:\/\/www.caths.cz\/wordpress\/wp-json\/wp\/v2\/comments?post=26986"}],"version-history":[{"count":2,"href":"https:\/\/www.caths.cz\/wordpress\/wp-json\/wp\/v2\/posts\/26986\/revisions"}],"predecessor-version":[{"id":26992,"href":"https:\/\/www.caths.cz\/wordpress\/wp-json\/wp\/v2\/posts\/26986\/revisions\/26992"}],"wp:featuredmedia":[{"embeddable":true,"href":"https:\/\/www.caths.cz\/wordpress\/wp-json\/wp\/v2\/media\/26988"}],"wp:attachment":[{"href":"https:\/\/www.caths.cz\/wordpress\/wp-json\/wp\/v2\/media?parent=26986"}],"wp:term":[{"taxonomy":"category","embeddable":true,"href":"https:\/\/www.caths.cz\/wordpress\/wp-json\/wp\/v2\/categories?post=26986"},{"taxonomy":"post_tag","embeddable":true,"href":"https:\/\/www.caths.cz\/wordpress\/wp-json\/wp\/v2\/tags?post=26986"}],"curies":[{"name":"wp","href":"https:\/\/api.w.org\/{rel}","templated":true}]}}