{"id":2678,"date":"2014-02-04T21:39:19","date_gmt":"2014-02-04T20:39:19","guid":{"rendered":"http:\/\/www.caths.cz\/wordpress\/?p=2678"},"modified":"2014-02-04T21:39:19","modified_gmt":"2014-02-04T20:39:19","slug":"zprava-ze-snehem-zapadaneho-svateho-morice","status":"publish","type":"post","link":"https:\/\/www.caths.cz\/wordpress\/zprava-ze-snehem-zapadaneho-svateho-morice\/","title":{"rendered":"Zpr\u00e1va ze sn\u011bhem zapadan\u00e9ho Svat\u00e9ho Mo\u0159ice"},"content":{"rendered":"<p>Dne\u0161n\u00ed den se na sv\u011btov\u00e9m poh\u00e1ru v ly\u017eov\u00e1n\u00ed m\u011bl odjet dal\u0161\u00ed z\u00e1vod ob\u0159\u00edho slalomu. Pro sn\u011bhovou kalamitu byl v\u0161ak zru\u0161en. Podrobnou zpr\u00e1vu reprezenta\u010dn\u00ed tren\u00e9rky Petry Syrov\u00e1tkov\u00e9 z m\u00edsta kon\u00e1n\u00ed naleznete n\u00ed\u017ee.<em>Leto\u0161n\u00ed zima je v \u010cech\u00e1ch i jinde na sn\u00edh velice skoup\u00e1, v\u010dera bylo dokonce zru\u0161eno fin\u00e1le EC v rakousk\u00e9m Abtenau. \u0160v\u00fdca\u0159i si ale na nedostatek sn\u011bhu st\u011b\u017eovat nemohou. Trochu jsme to \u010dekali a celou cestu z Prahy p\u0159es N\u011bmecko a\u017e sem jsme se sna\u017eili koupit sn\u011bhov\u00e9 \u0159et\u011bzy (pro jistotu). Sm\u016fla.. nikde nevedou\u2026., nemaj\u00ed rozm\u011br\u2026.. to p\u0159ece letos nen\u00ed pot\u0159eba\u2026 atd ;-). <br \/> Cesta do Mo\u0159ice prob\u011bhla v\u00fdborn\u011b, silnice hol\u00e9, \u017e\u00e1dn\u00fd probl\u00e9m, a tak metr a p\u016fl sn\u011bhu v Mo\u0159ici n\u00e1s p\u0159ece jen p\u0159ekvapilo. A po\u0159\u00e1d sn\u011b\u017e\u00ed\u2026. Od na\u0161eho ned\u011bln\u00edho p\u0159\u00edjezdu napadlo p\u0159es p\u016fl metru a na dvoumetrov\u00e9 mantinely sn\u011bhu letos opravdu nejsme zvykl\u00ed :-). <br \/> Dne\u0161n\u00ed den WC byl proto od r\u00e1na celkem adrenalinov\u00fd. P\u0159\u00edjezd k lanovce je pro voz\u00ed\u010dk\u00e1\u0159e mo\u017en\u00fd jen po \u00fazk\u00e9 velmi p\u0159\u00edkr\u00e9 silni\u010dce s mnoha serpentinami cca 5km do kopce. Stoj\u00edc\u00ed mohou gondolou p\u0159\u00edmo z Mo\u0159ice, ale voz\u00ed\u010dk\u00e1\u0159i se tudy nedostanou a mus\u00ed autem a\u017e do kopc\u016f k dal\u0161\u00ed lanovce v centru z\u00e1vodu a u\u017e v\u010dera jsme nahoru vyjeli tak tak (odpoledne jsme se pokou\u0161eli op\u011bt ne\u00fasp\u011b\u0161n\u011b koupit \u0159et\u011bzy). <br \/> P\u0159es noc p\u0159ipadlo dal\u0161\u00edch 20cm a r\u00e1no jsme se nedostali ani do p\u016flky stoup\u00e1n\u00ed a bylo jasn\u00e9, \u017ee bez \u0159et\u011bz\u016f to nep\u016fjde. Skoro jsme se sm\u00ed\u0159ili s t\u00edm, \u017ee Olda dnes startovat nebude. Zkusili jsme se ale vr\u00e1tit na hlavn\u00ed silnici a jet d\u00e1l sh\u00e1n\u011bt \u0159et\u011bzy a sv\u011bte div se po cca 6 km jsme objevili n\u011bco jako Baumax, nakoupili, p\u0159id\u011blali, vyjeli na kopec a dokonce i stihli prohl\u00eddku v \u010dasov\u00e9m limitu\u2026 <br \/> &#8230;a o hodinu pozd\u011bji byl z\u00e1vod zru\u0161en proto\u017ee v tomto mno\u017estv\u00ed \u010derstv\u00e9ho sn\u011bhu, nebylo v sil\u00e1ch po\u0159adatel\u016f p\u0159ipravit bezpe\u010dnou tra\u0165 pro GS, nepomohla ani \u0161v\u00fdcarsk\u00e1 arm\u00e1da a \u017ee jich tam bylo \ud83d\ude42 <\/p>\n<p> \u2013 TO JE ALPSK\u00c9 LY\u017dOV\u00c1N\u00cd!!! <\/em> <\/p>\n<p> <img decoding=\"async\" src=\"\/wordpress\/image\/sekretarky\/lyzovani\/st moritz 14\/2den\/DSC_0004.jpg\"> <\/p>\n<p> <img decoding=\"async\" src=\"\/wordpress\/image\/sekretarky\/lyzovani\/st moritz 14\/2den\/DSC_0005.jpg\"> <\/p>\n<p> <img decoding=\"async\" src=\"\/wordpress\/image\/sekretarky\/lyzovani\/st moritz 14\/2den\/IMG_20140203_102417.jpg\"> <\/p>\n","protected":false},"excerpt":{"rendered":"<a href=\"https:\/\/www.caths.cz\/wordpress\/zprava-ze-snehem-zapadaneho-svateho-morice\/\"><img loading=\"lazy\" decoding=\"async\" width=\"100\" height=\"100\" src=\"https:\/\/www.caths.cz\/wordpress\/wp-content\/plugins\/thumbnail-for-excerpts\/tfe_no_thumb.png\" class=\"alignleft wp-post-image tfe\" alt=\"\" title=\"\" \/><\/a><p>Dne\u0161n\u00ed den se na sv\u011btov\u00e9m poh\u00e1ru v ly\u017eov\u00e1n\u00ed m\u011bl odjet dal\u0161\u00ed z\u00e1vod ob\u0159\u00edho slalomu. Pro sn\u011bhovou kalamitu byl v\u0161ak zru\u0161en. Podrobnou zpr\u00e1vu reprezenta\u010dn\u00ed tren\u00e9rky Petry Syrov\u00e1tkov\u00e9 z m\u00edsta kon\u00e1n\u00ed naleznete [&hellip;]<\/p>\n","protected":false},"author":1,"featured_media":0,"comment_status":"closed","ping_status":"closed","sticky":false,"template":"","format":"standard","meta":{"ngg_post_thumbnail":0,"footnotes":""},"categories":[14],"tags":[],"class_list":["post-2678","post","type-post","status-publish","format-standard","hentry","category-lyzovani"],"_links":{"self":[{"href":"https:\/\/www.caths.cz\/wordpress\/wp-json\/wp\/v2\/posts\/2678","targetHints":{"allow":["GET"]}}],"collection":[{"href":"https:\/\/www.caths.cz\/wordpress\/wp-json\/wp\/v2\/posts"}],"about":[{"href":"https:\/\/www.caths.cz\/wordpress\/wp-json\/wp\/v2\/types\/post"}],"author":[{"embeddable":true,"href":"https:\/\/www.caths.cz\/wordpress\/wp-json\/wp\/v2\/users\/1"}],"replies":[{"embeddable":true,"href":"https:\/\/www.caths.cz\/wordpress\/wp-json\/wp\/v2\/comments?post=2678"}],"version-history":[{"count":0,"href":"https:\/\/www.caths.cz\/wordpress\/wp-json\/wp\/v2\/posts\/2678\/revisions"}],"wp:attachment":[{"href":"https:\/\/www.caths.cz\/wordpress\/wp-json\/wp\/v2\/media?parent=2678"}],"wp:term":[{"taxonomy":"category","embeddable":true,"href":"https:\/\/www.caths.cz\/wordpress\/wp-json\/wp\/v2\/categories?post=2678"},{"taxonomy":"post_tag","embeddable":true,"href":"https:\/\/www.caths.cz\/wordpress\/wp-json\/wp\/v2\/tags?post=2678"}],"curies":[{"name":"wp","href":"https:\/\/api.w.org\/{rel}","templated":true}]}}