{"id":26777,"date":"2018-12-05T15:05:54","date_gmt":"2018-12-05T14:05:54","guid":{"rendered":"http:\/\/www.caths.cz\/wordpress\/?p=26777"},"modified":"2018-12-05T15:06:08","modified_gmt":"2018-12-05T14:06:08","slug":"tomas-pesek-mistrem-a-vicemistrem-evropy-ve-strelbe","status":"publish","type":"post","link":"https:\/\/www.caths.cz\/wordpress\/tomas-pesek-mistrem-a-vicemistrem-evropy-ve-strelbe\/","title":{"rendered":"Tom\u00e1\u0161 Pe\u0161ek Mistrem a Vicemistrem EVROPY ve st\u0159elb\u011b!!"},"content":{"rendered":"<div class=\"\" data-block=\"true\" data-editor=\"asjbr\" data-offset-key=\"432ei-0-0\">\n<div class=\"_1mf _1mj\" data-offset-key=\"432ei-0-0\"><span data-offset-key=\"503nd-0-0\"><span data-text=\"true\">Na st\u0159eleck\u00e9m Mistrovstv\u00ed Evropy v B\u011blehrad\u011b vybojoval Tom\u00e1\u0161 Pe\u0161ek \u00fa\u017easn\u00fdm v\u00fdkonem 361 b v discipl\u00edn\u011b P5 <\/span><\/span><span data-offset-key=\"503nd-5-0\"><span data-text=\"true\">a dnes v discipl\u00edn\u011b P1 p\u0159idal je\u0161t\u011b st\u0159\u00edbro !!\u00a0 Nutno \u0159\u00edc\u00ed, \u017ee od druh\u00e9ho zlata jej d\u011blila pouh\u00e1 jedna desetina bodu!<\/span><\/span><\/div>\n<div class=\"_1mf _1mj\" data-offset-key=\"432ei-0-0\"><\/div>\n<div class=\"_1mf _1mj\" data-offset-key=\"432ei-0-0\">Po zisku dvou bronz\u016f ze sv\u011btov\u00fdch poh\u00e1r\u016f v leto\u0161n\u00ed sez\u00f3n\u011b, vybojov\u00e1n\u00ed paralympijsk\u00e9 kv\u00f3ty pro \u010cR do Tokia 2020, tak Tom\u00e1\u0161 p\u0159idal dal\u0161\u00ed dva cenn\u00e9 kovy z Mistrovsrv\u00ed Evropy.<\/div>\n<div class=\"_1mf _1mj\" data-offset-key=\"432ei-0-0\"><\/div>\n<div class=\"_1mf _1mj\" data-offset-key=\"432ei-0-0\">Obrovsk\u00e1 gratulace let\u00ed do Srbska!!<\/div>\n<div class=\"_1mf _1mj\" data-offset-key=\"432ei-0-0\"><\/div>\n<div class=\"_1mf _1mj\" data-offset-key=\"432ei-0-0\">Dal\u0161\u00ed podrobnosti z evropsk\u00e9ho \u0161ampion\u00e1tu p\u0159ineseme..<\/div>\n<div class=\"_1mf _1mj\" data-offset-key=\"432ei-0-0\"><\/div>\n<div class=\"_1mf _1mj\" data-offset-key=\"432ei-0-0\"><a href=\"http:\/\/www.caths.cz\/wordpress\/wp-content\/uploads\/2018\/12\/Tom\u00e1\u0161-Pe\u0161ek_zlato-P5.png\"><img loading=\"lazy\" decoding=\"async\" class=\"alignnone size-thumbnail wp-image-26778\" src=\"http:\/\/www.caths.cz\/wordpress\/wp-content\/uploads\/2018\/12\/Tom\u00e1\u0161-Pe\u0161ek_zlato-P5-150x150.png\" alt=\"Tom\u00e1\u0161 Pe\u0161ek_zlato P5\" width=\"150\" height=\"150\" srcset=\"https:\/\/www.caths.cz\/wordpress\/wp-content\/uploads\/2018\/12\/Tom\u00e1\u0161-Pe\u0161ek_zlato-P5-150x150.png 150w, https:\/\/www.caths.cz\/wordpress\/wp-content\/uploads\/2018\/12\/Tom\u00e1\u0161-Pe\u0161ek_zlato-P5-100x100.png 100w\" sizes=\"auto, (max-width: 150px) 100vw, 150px\" \/><\/a><\/div>\n<div class=\"_1mf _1mj\" data-offset-key=\"432ei-0-0\"><\/div>\n<\/div>\n","protected":false},"excerpt":{"rendered":"<a href=\"https:\/\/www.caths.cz\/wordpress\/tomas-pesek-mistrem-a-vicemistrem-evropy-ve-strelbe\/\"><img width=\"100\" height=\"100\" src=\"https:\/\/www.caths.cz\/wordpress\/wp-content\/uploads\/2018\/12\/Tom\u00e1\u0161-Pe\u0161ek_zlato-P5-100x100.png\" class=\"alignleft tfe wp-post-image\" alt=\"\" decoding=\"async\" loading=\"lazy\" srcset=\"https:\/\/www.caths.cz\/wordpress\/wp-content\/uploads\/2018\/12\/Tom\u00e1\u0161-Pe\u0161ek_zlato-P5-100x100.png 100w, https:\/\/www.caths.cz\/wordpress\/wp-content\/uploads\/2018\/12\/Tom\u00e1\u0161-Pe\u0161ek_zlato-P5-150x150.png 150w\" sizes=\"auto, (max-width: 100px) 100vw, 100px\" \/><\/a><p>Na st\u0159eleck\u00e9m Mistrovstv\u00ed Evropy v B\u011blehrad\u011b vybojoval Tom\u00e1\u0161 Pe\u0161ek \u00fa\u017easn\u00fdm v\u00fdkonem 361 b v discipl\u00edn\u011b P5 a dnes v discipl\u00edn\u011b P1 p\u0159idal je\u0161t\u011b st\u0159\u00edbro !!\u00a0 Nutno \u0159\u00edc\u00ed, \u017ee od druh\u00e9ho [&hellip;]<\/p>\n","protected":false},"author":1,"featured_media":26778,"comment_status":"closed","ping_status":"closed","sticky":false,"template":"","format":"standard","meta":{"ngg_post_thumbnail":0,"footnotes":""},"categories":[18],"tags":[],"class_list":["post-26777","post","type-post","status-publish","format-standard","has-post-thumbnail","hentry","category-strelba"],"_links":{"self":[{"href":"https:\/\/www.caths.cz\/wordpress\/wp-json\/wp\/v2\/posts\/26777","targetHints":{"allow":["GET"]}}],"collection":[{"href":"https:\/\/www.caths.cz\/wordpress\/wp-json\/wp\/v2\/posts"}],"about":[{"href":"https:\/\/www.caths.cz\/wordpress\/wp-json\/wp\/v2\/types\/post"}],"author":[{"embeddable":true,"href":"https:\/\/www.caths.cz\/wordpress\/wp-json\/wp\/v2\/users\/1"}],"replies":[{"embeddable":true,"href":"https:\/\/www.caths.cz\/wordpress\/wp-json\/wp\/v2\/comments?post=26777"}],"version-history":[{"count":2,"href":"https:\/\/www.caths.cz\/wordpress\/wp-json\/wp\/v2\/posts\/26777\/revisions"}],"predecessor-version":[{"id":26780,"href":"https:\/\/www.caths.cz\/wordpress\/wp-json\/wp\/v2\/posts\/26777\/revisions\/26780"}],"wp:featuredmedia":[{"embeddable":true,"href":"https:\/\/www.caths.cz\/wordpress\/wp-json\/wp\/v2\/media\/26778"}],"wp:attachment":[{"href":"https:\/\/www.caths.cz\/wordpress\/wp-json\/wp\/v2\/media?parent=26777"}],"wp:term":[{"taxonomy":"category","embeddable":true,"href":"https:\/\/www.caths.cz\/wordpress\/wp-json\/wp\/v2\/categories?post=26777"},{"taxonomy":"post_tag","embeddable":true,"href":"https:\/\/www.caths.cz\/wordpress\/wp-json\/wp\/v2\/tags?post=26777"}],"curies":[{"name":"wp","href":"https:\/\/api.w.org\/{rel}","templated":true}]}}