{"id":26758,"date":"2018-10-17T17:41:59","date_gmt":"2018-10-17T16:41:59","guid":{"rendered":"http:\/\/www.caths.cz\/wordpress\/?p=26758"},"modified":"2018-10-17T18:16:28","modified_gmt":"2018-10-17T17:16:28","slug":"cesti-stolni-teniste-zahajili-souboje-na-mistrovstvi-sveta","status":"publish","type":"post","link":"https:\/\/www.caths.cz\/wordpress\/cesti-stolni-teniste-zahajili-souboje-na-mistrovstvi-sveta\/","title":{"rendered":"\u010ce\u0161t\u00ed stoln\u00ed tenist\u00e9 zah\u00e1jili souboje na mistrovstv\u00ed sv\u011bta La\u0161ko 2018"},"content":{"rendered":"<p>Vrcholem leto\u0161n\u00edho roku pro stoln\u00ed tenisty je mistrovstv\u00ed sv\u011bta ve slovinsk\u00e9m La\u0161ku, jeho\u017e sout\u011b\u017en\u00ed program se ve\u00a0 st\u0159edu 17.10.2018 rozb\u011bhl souboji v z\u00e1kladn\u00edch skupin\u00e1ch jednotliv\u00fdch kategori\u00ed. Na palubovku sportovn\u00ed haly Zlatorog se v n\u00e1sleduj\u00edc\u00edch dnech postav\u00ed v\u00edce ne\u017e 350 hr\u00e1\u010d\u016f a hr\u00e1\u010dek ze 54 zem\u00ed cel\u00e9ho sv\u011bta.<\/p>\n<p>Z \u010cesk\u00e9 republiky se na mistrovstv\u00ed sv\u011bta nominovali 3 hr\u00e1\u010di &#8211; Ivan Karabec (M10), Daniel Horut (7) a Ji\u0159\u00ed Such\u00e1nek (M2). V\u0161ichni t\u0159i jmenovan\u00ed maj\u00ed za sebou n\u00e1ro\u010dnou kvalifikaci o postup na MS, kter\u00e1 prob\u00edhala v lo\u0148sk\u00e9m roce a v pr\u016fb\u011bhu kter\u00e9 bylo pot\u0159eba vybojovat um\u00edst\u011bn\u00ed ve sv\u011btov\u00e9m \u017eeb\u0159\u00ed\u010dku do cca 20.m\u00edsta, aby se hr\u00e1\u010d nominoval. Mistrovstv\u00ed sv\u011bta se tak m\u016f\u017ee z\u00fa\u010dastnit pouze absolutn\u00ed sv\u011btov\u00e1 \u0161pi\u010dka para stoln\u00edho tenisu a n\u00e1s velmi t\u011b\u0161\u00ed, \u017ee se postup na\u0161im t\u0159em reprezentant\u016fm poda\u0159il.<\/p>\n<p>Profily reprezentant\u016f \u010cR:<br \/>\nJi\u0159\u00ed Such\u00e1nek &#8211; profil <a href=\"http:\/\/stats.ipttc.org\/en\/profiles\/2922\">ZDE<\/a><br \/>\nDaniel Horut &#8211; profil <a href=\"http:\/\/stats.ipttc.org\/en\/profiles\/386\">ZDE<\/a><br \/>\nIvan Karabec &#8211; profil <a href=\"http:\/\/stats.ipttc.org\/en\/profiles\/403\">ZDE<\/a><\/p>\n<p>Na programu MS jsou ve st\u0159edu a ve \u010dtvrtek souboje v z\u00e1kladn\u00edch skupin\u00e1ch, ze kter\u00fdch postupuj\u00ed v\u017edy dva hr\u00e1\u010di do elimina\u010dn\u00edho pavouka. Vzhledem k obrovsk\u00e9 konkurenci a v\u00fdkonnostn\u00ed vyrovnanosti budou souboje ve skupin\u00e1ch velmi nap\u00ednav\u00e9. Od\u00a0p\u00e1tku 19.10. pak budou postoupiv\u0161\u00ed hr\u00e1\u010di bojovat KO syst\u00e9mem o co nejlep\u0161\u00ed um\u00edst\u011bn\u00ed v turnajov\u00e9m pavouku.<\/p>\n<p>Tak dr\u017eme na\u0161im reprezentant\u016fm palce!!<\/p>\n<p>\u017div\u011b m\u016f\u017eete Mistrovstv\u00ed sv\u011bta La\u0161ko 2018 sledovat <a href=\"https:\/\/www.youtube.com\/channel\/UCjSxVySND0aWTkisWbbs9tQ\/videos?flow=grid&amp;view=2\">ZDE<\/a><\/p>\n<p><a href=\"http:\/\/www.caths.cz\/wordpress\/wp-content\/uploads\/2018\/10\/933.jpg\"><img loading=\"lazy\" decoding=\"async\" class=\"alignnone size-thumbnail wp-image-26759\" src=\"http:\/\/www.caths.cz\/wordpress\/wp-content\/uploads\/2018\/10\/933-150x150.jpg\" alt=\"933\" width=\"150\" height=\"150\" srcset=\"https:\/\/www.caths.cz\/wordpress\/wp-content\/uploads\/2018\/10\/933-150x150.jpg 150w, https:\/\/www.caths.cz\/wordpress\/wp-content\/uploads\/2018\/10\/933-100x100.jpg 100w\" sizes=\"auto, (max-width: 150px) 100vw, 150px\" \/><\/a><\/p>\n<p>&nbsp;<\/p>\n","protected":false},"excerpt":{"rendered":"<a href=\"https:\/\/www.caths.cz\/wordpress\/cesti-stolni-teniste-zahajili-souboje-na-mistrovstvi-sveta\/\"><img width=\"100\" height=\"100\" src=\"https:\/\/www.caths.cz\/wordpress\/wp-content\/uploads\/2018\/10\/933-100x100.jpg\" class=\"alignleft tfe wp-post-image\" alt=\"\" decoding=\"async\" loading=\"lazy\" srcset=\"https:\/\/www.caths.cz\/wordpress\/wp-content\/uploads\/2018\/10\/933-100x100.jpg 100w, https:\/\/www.caths.cz\/wordpress\/wp-content\/uploads\/2018\/10\/933-150x150.jpg 150w\" sizes=\"auto, (max-width: 100px) 100vw, 100px\" \/><\/a><p>Vrcholem leto\u0161n\u00edho roku pro stoln\u00ed tenisty je mistrovstv\u00ed sv\u011bta ve slovinsk\u00e9m La\u0161ku, jeho\u017e sout\u011b\u017en\u00ed program se ve\u00a0 st\u0159edu 17.10.2018 rozb\u011bhl souboji v z\u00e1kladn\u00edch skupin\u00e1ch jednotliv\u00fdch kategori\u00ed. Na palubovku sportovn\u00ed haly [&hellip;]<\/p>\n","protected":false},"author":1,"featured_media":26759,"comment_status":"closed","ping_status":"closed","sticky":false,"template":"","format":"standard","meta":{"ngg_post_thumbnail":0,"footnotes":""},"categories":[19],"tags":[],"class_list":["post-26758","post","type-post","status-publish","format-standard","has-post-thumbnail","hentry","category-stolni-tenis"],"_links":{"self":[{"href":"https:\/\/www.caths.cz\/wordpress\/wp-json\/wp\/v2\/posts\/26758","targetHints":{"allow":["GET"]}}],"collection":[{"href":"https:\/\/www.caths.cz\/wordpress\/wp-json\/wp\/v2\/posts"}],"about":[{"href":"https:\/\/www.caths.cz\/wordpress\/wp-json\/wp\/v2\/types\/post"}],"author":[{"embeddable":true,"href":"https:\/\/www.caths.cz\/wordpress\/wp-json\/wp\/v2\/users\/1"}],"replies":[{"embeddable":true,"href":"https:\/\/www.caths.cz\/wordpress\/wp-json\/wp\/v2\/comments?post=26758"}],"version-history":[{"count":3,"href":"https:\/\/www.caths.cz\/wordpress\/wp-json\/wp\/v2\/posts\/26758\/revisions"}],"predecessor-version":[{"id":26762,"href":"https:\/\/www.caths.cz\/wordpress\/wp-json\/wp\/v2\/posts\/26758\/revisions\/26762"}],"wp:featuredmedia":[{"embeddable":true,"href":"https:\/\/www.caths.cz\/wordpress\/wp-json\/wp\/v2\/media\/26759"}],"wp:attachment":[{"href":"https:\/\/www.caths.cz\/wordpress\/wp-json\/wp\/v2\/media?parent=26758"}],"wp:term":[{"taxonomy":"category","embeddable":true,"href":"https:\/\/www.caths.cz\/wordpress\/wp-json\/wp\/v2\/categories?post=26758"},{"taxonomy":"post_tag","embeddable":true,"href":"https:\/\/www.caths.cz\/wordpress\/wp-json\/wp\/v2\/tags?post=26758"}],"curies":[{"name":"wp","href":"https:\/\/api.w.org\/{rel}","templated":true}]}}