{"id":26746,"date":"2018-10-12T17:47:47","date_gmt":"2018-10-12T16:47:47","guid":{"rendered":"http:\/\/www.caths.cz\/wordpress\/?p=26746"},"modified":"2018-10-12T17:47:47","modified_gmt":"2018-10-12T16:47:47","slug":"reprezentace-para-hokeje-zahaji-sezonu-s-japonskem","status":"publish","type":"post","link":"https:\/\/www.caths.cz\/wordpress\/reprezentace-para-hokeje-zahaji-sezonu-s-japonskem\/","title":{"rendered":"Reprezentace para hokeje zahaj\u00ed sez\u00f3nu s Japonskem"},"content":{"rendered":"<p>B\u011bhem nadch\u00e1zej\u00edc\u00edho v\u00edkendu prob\u011bhnou v Praze t\u0159i p\u0159\u00edpravn\u00e1 utk\u00e1n\u00ed v para hokeji mezi t\u00fdmy \u010ceska a Japonska. Pro n\u00e1rodn\u00ed t\u00fdm para hokeje (d\u0159\u00edve sledge hokej) se tak rozj\u00ed\u017ed\u00ed n\u00e1ro\u010dn\u00e1 sez\u00f3na 2018\/19, kter\u00e1 vyvrchol\u00ed kv\u011btnov\u00fdm mistrovstv\u00ed sv\u011bta v Ostrav\u011b.<\/p>\n<p>Oba t\u00fdmy se p\u0159edstav\u00ed na led\u011b pra\u017esk\u00e9ho zimn\u00edho stadionu Hv\u011bzda v sestav\u00e1ch, ve kter\u00fdch krom\u011b reprezenta\u010dn\u00edch st\u00e1lic nastoup\u00ed i \u00fapln\u00ed nov\u00e1\u010dci v\u010detn\u011b velmi mlad\u00fdch hr\u00e1\u010d\u016f, kte\u0159\u00ed nedos\u00e1hli je\u0161t\u011b ani 15ti let. V \u010desk\u00e9m v\u00fdb\u011bru pat\u0159i k &#8222;n\u00e1ctilet\u00fdm&#8220; nad\u011bj\u00edm Alex Ohar a Filip Vesel\u00fd. Svou reprezenta\u010dn\u00ed premi\u00e9ru si rovn\u011b\u017e pro\u017eije na led\u011b pra\u017esk\u00e9 Hv\u011bzdy Luk\u00e1\u0161 Ko\u0159\u00ednek.<\/p>\n<p>Japonsk\u00fd t\u00fdm p\u0159ilet\u011bl do Prahy rovn\u011b\u017e s nov\u00fdmi hr\u00e1\u010di, kte\u0159\u00ed reprezenta\u010dn\u00ed dres tak\u00e9 obl\u00e9knou poprv\u00e9. Mezi nimi je i 14ti let\u00fd Itsuki Ito, kter\u00fd ji\u017e nyn\u00ed ohromuje sv\u00fdmi dovednostmi v\u0161echny z\u00fa\u010dastn\u011bn\u00e9.<\/p>\n<p>Hern\u00ed \u010dasy p\u0159\u00edpravn\u00fdch utk\u00e1n\u00ed:<\/p>\n<p>p\u00e1tek, 12.10.2018, 17:00<br \/>\nsobota, 13.10.2018, 16:30<br \/>\nned\u011ble, 14.10.2018, 10:30<\/p>\n<p>Soupiska \u010cR:<br \/>\n<span style=\"font-family: 'Calibri','sans-serif'; color: black;\">Brank\u00e1\u0159i:V\u00e1penka, Kudela, Matou\u0161ek<\/span><br \/>\n<span style=\"font-family: 'Calibri','sans-serif'; color: black;\">Obrana: Dole\u017eal, Kube\u0161, Hrbek<\/span><br \/>\n<span style=\"font-family: 'Calibri','sans-serif'; color: black;\">\u00datok: Geier, H\u00e1bl, Wagner, Raul, Ko\u0159\u00ednek, Hrbek, Krupi\u010dka, Novotn\u00fd, Ohar, Vesel\u00fd<\/span><\/p>\n<p><a href=\"http:\/\/www.caths.cz\/wordpress\/wp-content\/uploads\/2018\/10\/20181012_184608.jpg\"><img loading=\"lazy\" decoding=\"async\" class=\"alignnone size-thumbnail wp-image-26747\" src=\"http:\/\/www.caths.cz\/wordpress\/wp-content\/uploads\/2018\/10\/20181012_184608-150x150.jpg\" alt=\"20181012_184608\" width=\"150\" height=\"150\" srcset=\"https:\/\/www.caths.cz\/wordpress\/wp-content\/uploads\/2018\/10\/20181012_184608-150x150.jpg 150w, https:\/\/www.caths.cz\/wordpress\/wp-content\/uploads\/2018\/10\/20181012_184608-100x100.jpg 100w\" sizes=\"auto, (max-width: 150px) 100vw, 150px\" \/><\/a><\/p>\n<p>&nbsp;<\/p>\n<p>&nbsp;<\/p>\n","protected":false},"excerpt":{"rendered":"<a href=\"https:\/\/www.caths.cz\/wordpress\/reprezentace-para-hokeje-zahaji-sezonu-s-japonskem\/\"><img width=\"100\" height=\"100\" src=\"https:\/\/www.caths.cz\/wordpress\/wp-content\/uploads\/2018\/10\/20181012_184608-100x100.jpg\" class=\"alignleft tfe wp-post-image\" alt=\"\" decoding=\"async\" loading=\"lazy\" srcset=\"https:\/\/www.caths.cz\/wordpress\/wp-content\/uploads\/2018\/10\/20181012_184608-100x100.jpg 100w, https:\/\/www.caths.cz\/wordpress\/wp-content\/uploads\/2018\/10\/20181012_184608-150x150.jpg 150w\" sizes=\"auto, (max-width: 100px) 100vw, 100px\" \/><\/a><p>B\u011bhem nadch\u00e1zej\u00edc\u00edho v\u00edkendu prob\u011bhnou v Praze t\u0159i p\u0159\u00edpravn\u00e1 utk\u00e1n\u00ed v para hokeji mezi t\u00fdmy \u010ceska a Japonska. Pro n\u00e1rodn\u00ed t\u00fdm para hokeje (d\u0159\u00edve sledge hokej) se tak rozj\u00ed\u017ed\u00ed n\u00e1ro\u010dn\u00e1 sez\u00f3na [&hellip;]<\/p>\n","protected":false},"author":1,"featured_media":26747,"comment_status":"closed","ping_status":"closed","sticky":false,"template":"","format":"standard","meta":{"ngg_post_thumbnail":0,"footnotes":""},"categories":[17],"tags":[],"class_list":["post-26746","post","type-post","status-publish","format-standard","has-post-thumbnail","hentry","category-sledge-hokej"],"_links":{"self":[{"href":"https:\/\/www.caths.cz\/wordpress\/wp-json\/wp\/v2\/posts\/26746","targetHints":{"allow":["GET"]}}],"collection":[{"href":"https:\/\/www.caths.cz\/wordpress\/wp-json\/wp\/v2\/posts"}],"about":[{"href":"https:\/\/www.caths.cz\/wordpress\/wp-json\/wp\/v2\/types\/post"}],"author":[{"embeddable":true,"href":"https:\/\/www.caths.cz\/wordpress\/wp-json\/wp\/v2\/users\/1"}],"replies":[{"embeddable":true,"href":"https:\/\/www.caths.cz\/wordpress\/wp-json\/wp\/v2\/comments?post=26746"}],"version-history":[{"count":1,"href":"https:\/\/www.caths.cz\/wordpress\/wp-json\/wp\/v2\/posts\/26746\/revisions"}],"predecessor-version":[{"id":26748,"href":"https:\/\/www.caths.cz\/wordpress\/wp-json\/wp\/v2\/posts\/26746\/revisions\/26748"}],"wp:featuredmedia":[{"embeddable":true,"href":"https:\/\/www.caths.cz\/wordpress\/wp-json\/wp\/v2\/media\/26747"}],"wp:attachment":[{"href":"https:\/\/www.caths.cz\/wordpress\/wp-json\/wp\/v2\/media?parent=26746"}],"wp:term":[{"taxonomy":"category","embeddable":true,"href":"https:\/\/www.caths.cz\/wordpress\/wp-json\/wp\/v2\/categories?post=26746"},{"taxonomy":"post_tag","embeddable":true,"href":"https:\/\/www.caths.cz\/wordpress\/wp-json\/wp\/v2\/tags?post=26746"}],"curies":[{"name":"wp","href":"https:\/\/api.w.org\/{rel}","templated":true}]}}