{"id":26262,"date":"2018-10-02T07:46:11","date_gmt":"2018-10-02T06:46:11","guid":{"rendered":"http:\/\/www.caths.cz\/wordpress\/?p=26262"},"modified":"2018-10-02T07:46:11","modified_gmt":"2018-10-02T06:46:11","slug":"fotogalerie-markety-kleisnerove-z-evropskeho-poharu-v-cyklistice-praha-strahov","status":"publish","type":"post","link":"https:\/\/www.caths.cz\/wordpress\/fotogalerie-markety-kleisnerove-z-evropskeho-poharu-v-cyklistice-praha-strahov\/","title":{"rendered":"Fotogalerie Mark\u00e9ty Kleisnerov\u00e9 z Evropsk\u00e9ho poh\u00e1ru v cyklistice Praha Strahov"},"content":{"rendered":"<p>Ned\u011bln\u00ed \u010dasovku Evropsk\u00e9ho poh\u00e1ru v cyklistice v Praze Strahov\u011b zachytila sv\u00fdm objektivem Mark\u00e9ta Kleisnerov\u00e1.<\/p>\n<p>Fotogalerii naleznete <a href=\"https:\/\/www.zonerama.com\/Tommas\/Album\/4660531\">ZDE<\/a><\/p>\n<p><a href=\"http:\/\/www.caths.cz\/wordpress\/wp-content\/uploads\/2018\/10\/DSC0805.jpg\"><img loading=\"lazy\" decoding=\"async\" class=\"alignnone size-large wp-image-26263\" src=\"http:\/\/www.caths.cz\/wordpress\/wp-content\/uploads\/2018\/10\/DSC0805-1024x683.jpg\" alt=\"_DSC0805\" width=\"600\" height=\"400\" srcset=\"https:\/\/www.caths.cz\/wordpress\/wp-content\/uploads\/2018\/10\/DSC0805-1024x683.jpg 1024w, https:\/\/www.caths.cz\/wordpress\/wp-content\/uploads\/2018\/10\/DSC0805-300x200.jpg 300w, https:\/\/www.caths.cz\/wordpress\/wp-content\/uploads\/2018\/10\/DSC0805-120x80.jpg 120w\" sizes=\"auto, (max-width: 600px) 100vw, 600px\" \/><\/a><\/p>\n","protected":false},"excerpt":{"rendered":"<a href=\"https:\/\/www.caths.cz\/wordpress\/fotogalerie-markety-kleisnerove-z-evropskeho-poharu-v-cyklistice-praha-strahov\/\"><img width=\"100\" height=\"100\" src=\"https:\/\/www.caths.cz\/wordpress\/wp-content\/uploads\/2018\/10\/DSC0805-100x100.jpg\" class=\"alignleft tfe wp-post-image\" alt=\"\" decoding=\"async\" loading=\"lazy\" srcset=\"https:\/\/www.caths.cz\/wordpress\/wp-content\/uploads\/2018\/10\/DSC0805-100x100.jpg 100w, https:\/\/www.caths.cz\/wordpress\/wp-content\/uploads\/2018\/10\/DSC0805-150x150.jpg 150w\" sizes=\"auto, (max-width: 100px) 100vw, 100px\" \/><\/a><p>Ned\u011bln\u00ed \u010dasovku Evropsk\u00e9ho poh\u00e1ru v cyklistice v Praze Strahov\u011b zachytila sv\u00fdm objektivem Mark\u00e9ta Kleisnerov\u00e1. Fotogalerii naleznete ZDE<\/p>\n","protected":false},"author":1,"featured_media":26263,"comment_status":"closed","ping_status":"closed","sticky":false,"template":"","format":"standard","meta":{"ngg_post_thumbnail":0,"footnotes":""},"categories":[2],"tags":[],"class_list":["post-26262","post","type-post","status-publish","format-standard","has-post-thumbnail","hentry","category-cyklistika"],"_links":{"self":[{"href":"https:\/\/www.caths.cz\/wordpress\/wp-json\/wp\/v2\/posts\/26262","targetHints":{"allow":["GET"]}}],"collection":[{"href":"https:\/\/www.caths.cz\/wordpress\/wp-json\/wp\/v2\/posts"}],"about":[{"href":"https:\/\/www.caths.cz\/wordpress\/wp-json\/wp\/v2\/types\/post"}],"author":[{"embeddable":true,"href":"https:\/\/www.caths.cz\/wordpress\/wp-json\/wp\/v2\/users\/1"}],"replies":[{"embeddable":true,"href":"https:\/\/www.caths.cz\/wordpress\/wp-json\/wp\/v2\/comments?post=26262"}],"version-history":[{"count":1,"href":"https:\/\/www.caths.cz\/wordpress\/wp-json\/wp\/v2\/posts\/26262\/revisions"}],"predecessor-version":[{"id":26264,"href":"https:\/\/www.caths.cz\/wordpress\/wp-json\/wp\/v2\/posts\/26262\/revisions\/26264"}],"wp:featuredmedia":[{"embeddable":true,"href":"https:\/\/www.caths.cz\/wordpress\/wp-json\/wp\/v2\/media\/26263"}],"wp:attachment":[{"href":"https:\/\/www.caths.cz\/wordpress\/wp-json\/wp\/v2\/media?parent=26262"}],"wp:term":[{"taxonomy":"category","embeddable":true,"href":"https:\/\/www.caths.cz\/wordpress\/wp-json\/wp\/v2\/categories?post=26262"},{"taxonomy":"post_tag","embeddable":true,"href":"https:\/\/www.caths.cz\/wordpress\/wp-json\/wp\/v2\/tags?post=26262"}],"curies":[{"name":"wp","href":"https:\/\/api.w.org\/{rel}","templated":true}]}}