{"id":26258,"date":"2018-10-01T16:10:30","date_gmt":"2018-10-01T15:10:30","guid":{"rendered":"http:\/\/www.caths.cz\/wordpress\/?p=26258"},"modified":"2018-10-01T16:10:30","modified_gmt":"2018-10-01T15:10:30","slug":"strelec-tomas-pesek-zavrsil-ucast-na-sp-chateauroux-vynikajicim-ctvrtym-mistem-a-vybojoval-prvni-kvotu-do-tokia-2020","status":"publish","type":"post","link":"https:\/\/www.caths.cz\/wordpress\/strelec-tomas-pesek-zavrsil-ucast-na-sp-chateauroux-vynikajicim-ctvrtym-mistem-a-vybojoval-prvni-kvotu-do-tokia-2020\/","title":{"rendered":"St\u0159elec Tom\u00e1\u0161 Pe\u0161ek zavr\u0161il \u00fa\u010dast na SP Chateauroux vynikaj\u00edc\u00edm \u010dtvrt\u00fdm m\u00edstem a vybojoval prvn\u00ed kv\u00f3tu do Tokia 2020"},"content":{"rendered":"<p>Je to potvrzen\u00e9! Tom\u00e1\u0161 Pe\u0161ek, reprezentant ve st\u0159elb\u011b, vybojoval na sv\u011btov\u00e9m poh\u00e1ru ve Francii prvn\u00ed &#8222;kvota plac&#8220; na letn\u00ed paralympijsk\u00e9 hry Tokio 2020!! Po dlouh\u00fdch 12 letech tedy bude m\u00edt \u010cesk\u00e1 republika na paralympi\u00e1d\u011b sv\u00e9ho st\u0159elce.<\/p>\n<p>Tom\u00e1\u0161 Pe\u0161ek v Chateauroux zast\u0159\u00edlel v\u00fdborn\u011b i dal\u0161\u00ed dv\u011b discipl\u00edny. Ve vzduchov\u00e9 pistoli P5 na 10 m obsadil sedm\u00e9 m\u00edsto a skv\u011bl\u00e9 v\u00fdsledky zavr\u0161il \u010dtvrt\u00fdm m\u00edstem v discipl\u00edn\u011b P4 libovoln\u00e1 pistole 60 ran \/ 50m a ziskem kv\u00f3ty do Tokia.<\/p>\n<p>V p\u00e1tek p\u0159idali \u010de\u0161t\u00ed reprzentanti je\u0161t\u011b jeden cenn\u00fd kov do sb\u00edrky \u010desk\u00fdch barev, kdy\u017e vybojovali 3.m\u00edsto v sout\u011b\u017ei t\u00fdm\u016f P5. Do t\u00fdmov\u00e9 sout\u011b\u017ee nastoupili\u00a0 krom\u011b Pe\u0161ka dal\u0161\u00ed dva \u010ce\u0161i &#8211; Jakub Kosek a Vladim\u00edr Mar\u010dan.<\/p>\n<p>Celkem si \u010desk\u00fd reprezenta\u010dn\u00ed v\u00fdb\u011br p\u0159ivezl dv\u011b bronzov\u00e9 medaile a p\u0159edev\u0161\u00edm &#8222;letenku&#8220; do Tokia. Moc gratulujeme!<\/p>\n<p><a href=\"http:\/\/www.caths.cz\/wordpress\/wp-content\/uploads\/2018\/10\/IMG-9357c3e1a87e50fc9d79b2d2a5767b72-V.jpg\"><img loading=\"lazy\" decoding=\"async\" class=\"alignnone size-large wp-image-26259\" src=\"http:\/\/www.caths.cz\/wordpress\/wp-content\/uploads\/2018\/10\/IMG-9357c3e1a87e50fc9d79b2d2a5767b72-V-768x1024.jpg\" alt=\"IMG-9357c3e1a87e50fc9d79b2d2a5767b72-V\" width=\"600\" height=\"800\" srcset=\"https:\/\/www.caths.cz\/wordpress\/wp-content\/uploads\/2018\/10\/IMG-9357c3e1a87e50fc9d79b2d2a5767b72-V-768x1024.jpg 768w, https:\/\/www.caths.cz\/wordpress\/wp-content\/uploads\/2018\/10\/IMG-9357c3e1a87e50fc9d79b2d2a5767b72-V-225x300.jpg 225w, https:\/\/www.caths.cz\/wordpress\/wp-content\/uploads\/2018\/10\/IMG-9357c3e1a87e50fc9d79b2d2a5767b72-V-90x120.jpg 90w, https:\/\/www.caths.cz\/wordpress\/wp-content\/uploads\/2018\/10\/IMG-9357c3e1a87e50fc9d79b2d2a5767b72-V.jpg 960w\" sizes=\"auto, (max-width: 600px) 100vw, 600px\" \/><\/a> <a href=\"http:\/\/www.caths.cz\/wordpress\/wp-content\/uploads\/2018\/10\/IMG-f7df091582094a5dcb08efcde237b27d-V.jpg\"><img loading=\"lazy\" decoding=\"async\" class=\"alignnone size-large wp-image-26260\" src=\"http:\/\/www.caths.cz\/wordpress\/wp-content\/uploads\/2018\/10\/IMG-f7df091582094a5dcb08efcde237b27d-V-1024x824.jpg\" alt=\"IMG-f7df091582094a5dcb08efcde237b27d-V\" width=\"600\" height=\"483\" srcset=\"https:\/\/www.caths.cz\/wordpress\/wp-content\/uploads\/2018\/10\/IMG-f7df091582094a5dcb08efcde237b27d-V-1024x824.jpg 1024w, https:\/\/www.caths.cz\/wordpress\/wp-content\/uploads\/2018\/10\/IMG-f7df091582094a5dcb08efcde237b27d-V-300x241.jpg 300w, https:\/\/www.caths.cz\/wordpress\/wp-content\/uploads\/2018\/10\/IMG-f7df091582094a5dcb08efcde237b27d-V-120x97.jpg 120w, https:\/\/www.caths.cz\/wordpress\/wp-content\/uploads\/2018\/10\/IMG-f7df091582094a5dcb08efcde237b27d-V.jpg 1280w\" sizes=\"auto, (max-width: 600px) 100vw, 600px\" \/><\/a><\/p>\n<p>&nbsp;<\/p>\n","protected":false},"excerpt":{"rendered":"<a href=\"https:\/\/www.caths.cz\/wordpress\/strelec-tomas-pesek-zavrsil-ucast-na-sp-chateauroux-vynikajicim-ctvrtym-mistem-a-vybojoval-prvni-kvotu-do-tokia-2020\/\"><img width=\"100\" height=\"100\" src=\"https:\/\/www.caths.cz\/wordpress\/wp-content\/uploads\/2018\/10\/IMG-9357c3e1a87e50fc9d79b2d2a5767b72-V-100x100.jpg\" class=\"alignleft tfe wp-post-image\" alt=\"\" decoding=\"async\" loading=\"lazy\" srcset=\"https:\/\/www.caths.cz\/wordpress\/wp-content\/uploads\/2018\/10\/IMG-9357c3e1a87e50fc9d79b2d2a5767b72-V-100x100.jpg 100w, https:\/\/www.caths.cz\/wordpress\/wp-content\/uploads\/2018\/10\/IMG-9357c3e1a87e50fc9d79b2d2a5767b72-V-150x150.jpg 150w\" sizes=\"auto, (max-width: 100px) 100vw, 100px\" \/><\/a><p>Je to potvrzen\u00e9! Tom\u00e1\u0161 Pe\u0161ek, reprezentant ve st\u0159elb\u011b, vybojoval na sv\u011btov\u00e9m poh\u00e1ru ve Francii prvn\u00ed &#8222;kvota plac&#8220; na letn\u00ed paralympijsk\u00e9 hry Tokio 2020!! Po dlouh\u00fdch 12 letech tedy bude m\u00edt [&hellip;]<\/p>\n","protected":false},"author":1,"featured_media":26259,"comment_status":"closed","ping_status":"closed","sticky":false,"template":"","format":"standard","meta":{"ngg_post_thumbnail":0,"footnotes":""},"categories":[18],"tags":[],"class_list":["post-26258","post","type-post","status-publish","format-standard","has-post-thumbnail","hentry","category-strelba"],"_links":{"self":[{"href":"https:\/\/www.caths.cz\/wordpress\/wp-json\/wp\/v2\/posts\/26258","targetHints":{"allow":["GET"]}}],"collection":[{"href":"https:\/\/www.caths.cz\/wordpress\/wp-json\/wp\/v2\/posts"}],"about":[{"href":"https:\/\/www.caths.cz\/wordpress\/wp-json\/wp\/v2\/types\/post"}],"author":[{"embeddable":true,"href":"https:\/\/www.caths.cz\/wordpress\/wp-json\/wp\/v2\/users\/1"}],"replies":[{"embeddable":true,"href":"https:\/\/www.caths.cz\/wordpress\/wp-json\/wp\/v2\/comments?post=26258"}],"version-history":[{"count":1,"href":"https:\/\/www.caths.cz\/wordpress\/wp-json\/wp\/v2\/posts\/26258\/revisions"}],"predecessor-version":[{"id":26261,"href":"https:\/\/www.caths.cz\/wordpress\/wp-json\/wp\/v2\/posts\/26258\/revisions\/26261"}],"wp:featuredmedia":[{"embeddable":true,"href":"https:\/\/www.caths.cz\/wordpress\/wp-json\/wp\/v2\/media\/26259"}],"wp:attachment":[{"href":"https:\/\/www.caths.cz\/wordpress\/wp-json\/wp\/v2\/media?parent=26258"}],"wp:term":[{"taxonomy":"category","embeddable":true,"href":"https:\/\/www.caths.cz\/wordpress\/wp-json\/wp\/v2\/categories?post=26258"},{"taxonomy":"post_tag","embeddable":true,"href":"https:\/\/www.caths.cz\/wordpress\/wp-json\/wp\/v2\/tags?post=26258"}],"curies":[{"name":"wp","href":"https:\/\/api.w.org\/{rel}","templated":true}]}}