{"id":26253,"date":"2018-10-01T11:14:23","date_gmt":"2018-10-01T10:14:23","guid":{"rendered":"http:\/\/www.caths.cz\/wordpress\/?p=26253"},"modified":"2018-10-01T12:05:13","modified_gmt":"2018-10-01T11:05:13","slug":"antosova-a-koblasa-vitezi-evropskeho-poharu-na-strahove","status":"publish","type":"post","link":"https:\/\/www.caths.cz\/wordpress\/antosova-a-koblasa-vitezi-evropskeho-poharu-na-strahove\/","title":{"rendered":"Anto\u0161ov\u00e1 a Koblasa v\u00edt\u011bzi Evropsk\u00e9ho poh\u00e1ru na Strahov\u011b!"},"content":{"rendered":"<p>\u010ce\u0161t\u00ed reprezentanti Kate\u0159ina Anto\u0161ov\u00e1 a Ivo Koblasa dok\u00e1zali zv\u00edt\u011bzit ve sv\u00fdch kategori\u00edch ve fin\u00e1lov\u00e9m z\u00e1vod\u011b Evropsk\u00e9ho poh\u00e1ru handicapovan\u00fdch cyklist\u016f v\u00a0Praze na Strahov\u011b.<\/p>\n<p>Pe\u010dliv\u011b p\u0159ipraven\u00e9 z\u00e1vody v\u00a0n\u00e1dhern\u00e9m podzimn\u00edm po\u010das\u00ed byly tradi\u010dn\u011b siln\u011b obsazen\u00e9 nejenom evropsk\u00fdmi reprezentacemi a kluby, co\u017e nejl\u00e9pe p\u0159ibli\u017euje \u00fa\u010dast \u010dty\u0159 \u00fa\u0159aduj\u00edc\u00edch mistr\u016f sv\u011bta jednotliv\u00fdch kategori\u00ed handicapovan\u00fdch cyklist\u016f.<\/p>\n<p>V\u00fdborn\u00e9 v\u00fdsledky \u010desk\u00fdch reprezentant\u016f potvrdil druh\u00fdm m\u00edstem handbiker Patrik Jahoda a zku\u0161en\u00fd Michal Stark, kter\u00fd si st\u00e1le dr\u017e\u00ed obdivuhodnou kondici.<\/p>\n<p>T\u0159et\u00ed m\u00edsto pak v siln\u011b obsazen\u00e9 kategorii MH3 vybojoval Tom\u00e1\u0161 Mo\u0161ni\u010dka a v\u00a0kategorii C5 si pro \u017eivotn\u00ed \u00fasp\u011bch v\u00a0podob\u011b bronzov\u00e9 medaile dojel Tom\u00e1\u0161 Mast\u00edk.<\/p>\n<p>Ned\u011bln\u00ed \u010dasovka byla pro \u010desk\u00e9 z\u00e1vodn\u00edky d\u016fle\u017eit\u00e1 nejenom z\u00a0pohledu celkov\u00fdch v\u00fdsledk\u016f fin\u00e1lov\u00e9ho z\u00e1vodu Evropsk\u00e9ho poh\u00e1ru, ale rozhodovala tak\u00e9 o nov\u00fdch Mistrech \u010cesk\u00e9 republiky handbike pro rok 2018, kte\u0159\u00ed z\u00edskali presti\u017en\u00ed trikoty republikov\u00fdch mistr\u016f.<\/p>\n<p>Pra\u017esk\u00fd z\u00e1vod Evropsk\u00e9ho poh\u00e1ru UCI C1 byl d\u016fle\u017eit\u00fd i z pohledu boje jednotliv\u00fdch zem\u00ed o \u00fa\u010dastnick\u00e9 kv\u00f3ty na paralympijsk\u00e9 hry Tokio 2020, o \u010dem\u017e sv\u011bd\u010dila i hojn\u00e1 \u00fa\u010dast zahrani\u010dn\u00edch v\u00fdprav v\u010detn\u011b jejich obsazen\u00ed a po\u010dtu z\u00e1vodn\u00edk\u016f v t\u00fdmech. N\u011bmecko vyslalo do Prahy 16 z\u00e1vodn\u00edk\u016f a v jejich \u0159ad\u00e1ch byli i t\u0159i Mist\u0159i sv\u011bta &#8211; Senska, Teuber, Wetter, holandsk\u00e1 v\u00fdprava \u010d\u00edtala 14 z\u00e1vodn\u00edk\u016f v\u010detn\u011b Mistryn\u011b sv\u011bta\u00a0Koedood. Slovensko, Rakousko, Polsko, It\u00e1lie, \u0160v\u00fdcarsko, Irsko i D\u00e1nsko m\u011blo v Praze po\u010detn\u00e9 pole sv\u00fdch z\u00e1vodn\u00edk\u016f, proto\u017ee necht\u011bj\u00ed podcenit kvalifikaci do Tokia. O to paradoxn\u011bj\u0161\u00ed je potom ne\u00fa\u010dast \u010desk\u00fdch z\u00e1vodn\u00edk\u016f ze svazu Spastic Handicap, odkud nedorazil nebo nebyl vysl\u00e1n do Prahy ani jeden cyklista. O d\u016fvodech, co je k tomu vedlo, m\u016f\u017eeme pouze spekulovat.<\/p>\n<p>V roce 2019 by se v Praze m\u011bl konat jubilejn\u00ed 10. ro\u010dn\u00edk t\u00e9to mezin\u00e1rodn\u00ed cyklistick\u00e9 akce. P\u0159ejme si, aby se vyda\u0159ila stejn\u011b jako letos, a z\u00e1vodn\u00edci odj\u00ed\u017ed\u011bli z Prahy op\u011bt spokojen\u00ed.<\/p>\n<p>V\u00fdsledky: <a href=\"http:\/\/www.caths.cz\/ecp\/road\/\">http:\/\/www.caths.cz\/ecp\/road\/<\/a><br \/>\nFotogalerie V\u011bry Vodi\u010dkov\u00e9: <a href=\"http:\/\/www.caths.cz\">www.caths.cz<\/a><\/p>\n<p><a href=\"http:\/\/www.caths.cz\/wordpress\/wp-content\/uploads\/2018\/10\/ecp201_1-185.jpg\"><img loading=\"lazy\" decoding=\"async\" class=\"alignnone size-full wp-image-26254\" src=\"http:\/\/www.caths.cz\/wordpress\/wp-content\/uploads\/2018\/10\/ecp201_1-185.jpg\" alt=\"ecp201_1 185\" width=\"1000\" height=\"667\" srcset=\"https:\/\/www.caths.cz\/wordpress\/wp-content\/uploads\/2018\/10\/ecp201_1-185.jpg 1000w, https:\/\/www.caths.cz\/wordpress\/wp-content\/uploads\/2018\/10\/ecp201_1-185-300x200.jpg 300w, https:\/\/www.caths.cz\/wordpress\/wp-content\/uploads\/2018\/10\/ecp201_1-185-120x80.jpg 120w\" sizes=\"auto, (max-width: 1000px) 100vw, 1000px\" \/><\/a><\/p>\n","protected":false},"excerpt":{"rendered":"<a href=\"https:\/\/www.caths.cz\/wordpress\/antosova-a-koblasa-vitezi-evropskeho-poharu-na-strahove\/\"><img width=\"100\" height=\"100\" src=\"https:\/\/www.caths.cz\/wordpress\/wp-content\/uploads\/2018\/10\/ecp201_1-185-100x100.jpg\" class=\"alignleft tfe wp-post-image\" alt=\"\" decoding=\"async\" loading=\"lazy\" srcset=\"https:\/\/www.caths.cz\/wordpress\/wp-content\/uploads\/2018\/10\/ecp201_1-185-100x100.jpg 100w, https:\/\/www.caths.cz\/wordpress\/wp-content\/uploads\/2018\/10\/ecp201_1-185-150x150.jpg 150w\" sizes=\"auto, (max-width: 100px) 100vw, 100px\" \/><\/a><p>\u010ce\u0161t\u00ed reprezentanti Kate\u0159ina Anto\u0161ov\u00e1 a Ivo Koblasa dok\u00e1zali zv\u00edt\u011bzit ve sv\u00fdch kategori\u00edch ve fin\u00e1lov\u00e9m z\u00e1vod\u011b Evropsk\u00e9ho poh\u00e1ru handicapovan\u00fdch cyklist\u016f v\u00a0Praze na Strahov\u011b. Pe\u010dliv\u011b p\u0159ipraven\u00e9 z\u00e1vody v\u00a0n\u00e1dhern\u00e9m podzimn\u00edm po\u010das\u00ed byly tradi\u010dn\u011b [&hellip;]<\/p>\n","protected":false},"author":1,"featured_media":26254,"comment_status":"closed","ping_status":"closed","sticky":false,"template":"","format":"standard","meta":{"ngg_post_thumbnail":0,"footnotes":""},"categories":[2],"tags":[],"class_list":["post-26253","post","type-post","status-publish","format-standard","has-post-thumbnail","hentry","category-cyklistika"],"_links":{"self":[{"href":"https:\/\/www.caths.cz\/wordpress\/wp-json\/wp\/v2\/posts\/26253","targetHints":{"allow":["GET"]}}],"collection":[{"href":"https:\/\/www.caths.cz\/wordpress\/wp-json\/wp\/v2\/posts"}],"about":[{"href":"https:\/\/www.caths.cz\/wordpress\/wp-json\/wp\/v2\/types\/post"}],"author":[{"embeddable":true,"href":"https:\/\/www.caths.cz\/wordpress\/wp-json\/wp\/v2\/users\/1"}],"replies":[{"embeddable":true,"href":"https:\/\/www.caths.cz\/wordpress\/wp-json\/wp\/v2\/comments?post=26253"}],"version-history":[{"count":3,"href":"https:\/\/www.caths.cz\/wordpress\/wp-json\/wp\/v2\/posts\/26253\/revisions"}],"predecessor-version":[{"id":26257,"href":"https:\/\/www.caths.cz\/wordpress\/wp-json\/wp\/v2\/posts\/26253\/revisions\/26257"}],"wp:featuredmedia":[{"embeddable":true,"href":"https:\/\/www.caths.cz\/wordpress\/wp-json\/wp\/v2\/media\/26254"}],"wp:attachment":[{"href":"https:\/\/www.caths.cz\/wordpress\/wp-json\/wp\/v2\/media?parent=26253"}],"wp:term":[{"taxonomy":"category","embeddable":true,"href":"https:\/\/www.caths.cz\/wordpress\/wp-json\/wp\/v2\/categories?post=26253"},{"taxonomy":"post_tag","embeddable":true,"href":"https:\/\/www.caths.cz\/wordpress\/wp-json\/wp\/v2\/tags?post=26253"}],"curies":[{"name":"wp","href":"https:\/\/api.w.org\/{rel}","templated":true}]}}