{"id":26248,"date":"2018-09-27T23:18:01","date_gmt":"2018-09-27T22:18:01","guid":{"rendered":"http:\/\/www.caths.cz\/wordpress\/?p=26248"},"modified":"2018-09-27T23:18:01","modified_gmt":"2018-09-27T22:18:01","slug":"strahov-bude-dejistem-finaloveho-zavodu-evropskeho-poharu-handicapovanych-cyklistu","status":"publish","type":"post","link":"https:\/\/www.caths.cz\/wordpress\/strahov-bude-dejistem-finaloveho-zavodu-evropskeho-poharu-handicapovanych-cyklistu\/","title":{"rendered":"Strahov bude d\u011bji\u0161t\u011bm fin\u00e1lov\u00e9ho z\u00e1vodu Evropsk\u00e9ho poh\u00e1ru handicapovan\u00fdch cyklist\u016f!"},"content":{"rendered":"<p>Pra\u017esk\u00fd Strahov bude v\u00a0term\u00ednu 29. \u2013 30. z\u00e1\u0159\u00ed 2018 d\u011bji\u0161t\u011bm fin\u00e1lov\u00e9ho z\u00e1vodu Evropsk\u00e9ho poh\u00e1ru handicapovan\u00fdch cyklist\u016f.<\/p>\n<p>Startovn\u00ed listina, \u010d\u00edtaj\u00edc\u00ed t\u00e9m\u011b\u0159 100 z\u00e1vodn\u00edk\u016f, je pln\u00e1 zvu\u010dn\u00fdch jmen nejenom z\u00e1vodn\u00edk\u016f z\u00a0Evropy, ale i cel\u00e9 \u0159ady mimoevropsk\u00fdch zem\u00ed. D\u016fvodem je nejenom popularita pra\u017esk\u00e9ho z\u00e1vodu, kter\u00fd se na Strahov\u011b pojede u\u017e po osm\u00e9 a v\u00a0minul\u00e9m roce dostal od komisa\u0159\u016f presti\u017en\u00ed hodnocen\u00ed UCI \u2013 Exelent Race, ale tak\u00e9 skute\u010dnost, \u017ee paralympijsk\u00e9 Tokio se bl\u00ed\u017e\u00ed a \u00fasp\u011b\u0161n\u00ed z\u00e1vodn\u00edci si z\u00a0Prahy odvezou, mimo hodnotn\u00fdch cen, tak\u00e9 po\u0159\u00e1dnou porci bod\u016f do paralympijsk\u00e9ho rankingu, ze kter\u00e9ho se n\u00e1sledn\u011b bude vypo\u010d\u00edt\u00e1vat \u00fa\u010dastnick\u00e1 kv\u00f3ta pro cyklistick\u00e9 paralympijsk\u00e9 t\u00fdmy.<\/p>\n<p>\u010cesk\u00fd reprezenta\u010dn\u00ed t\u00fdm nastoup\u00ed v\u00a0pln\u00e9 sestav\u011b, v\u010detn\u011b aktu\u00e1ln\u011b nej\u00fasp\u011b\u0161n\u011bj\u0161\u00edch reprezentant\u016f: Kate\u0159iny Anto\u0161ov\u00e9, Patrika Jahody, V\u00e1clava Antala a Iva Koblasy.<\/p>\n<p>Z\u00e1vody za\u010d\u00ednaj\u00ed v\u00a0sobotu silni\u010dn\u00edm z\u00e1vodem jednotliv\u00fdch kategori\u00ed a pokra\u010duj\u00ed v\u00a0ned\u011bli \u010dasovkou jednotlivc\u016f.<\/p>\n<p>P\u0159ij\u010fte se pod\u00edvat, p\u0159ij\u010fte fandit!!<\/p>\n<p>Propozice, informace, fotogalrii a v\u00fdsledky naleznete <a href=\"http:\/\/www.caths.cz\/ecp\/road\/index.php?page=home\">ZDE<\/a><\/p>\n<p><em>Foto: V\u011bra Vodi\u010dkov\u00e1<\/em><\/p>\n<p><a href=\"http:\/\/www.caths.cz\/wordpress\/wp-content\/uploads\/2018\/09\/ecp2014_so1-279.jpg\"><img loading=\"lazy\" decoding=\"async\" class=\"alignnone size-full wp-image-26250\" src=\"http:\/\/www.caths.cz\/wordpress\/wp-content\/uploads\/2018\/09\/ecp2014_so1-279.jpg\" alt=\"ecp2014_so1 279\" width=\"1000\" height=\"667\" srcset=\"https:\/\/www.caths.cz\/wordpress\/wp-content\/uploads\/2018\/09\/ecp2014_so1-279.jpg 1000w, https:\/\/www.caths.cz\/wordpress\/wp-content\/uploads\/2018\/09\/ecp2014_so1-279-300x200.jpg 300w, https:\/\/www.caths.cz\/wordpress\/wp-content\/uploads\/2018\/09\/ecp2014_so1-279-120x80.jpg 120w\" sizes=\"auto, (max-width: 1000px) 100vw, 1000px\" \/><\/a><\/p>\n","protected":false},"excerpt":{"rendered":"<a href=\"https:\/\/www.caths.cz\/wordpress\/strahov-bude-dejistem-finaloveho-zavodu-evropskeho-poharu-handicapovanych-cyklistu\/\"><img width=\"100\" height=\"100\" src=\"https:\/\/www.caths.cz\/wordpress\/wp-content\/uploads\/2018\/09\/ecp2014_so1-279-100x100.jpg\" class=\"alignleft tfe wp-post-image\" alt=\"\" decoding=\"async\" loading=\"lazy\" srcset=\"https:\/\/www.caths.cz\/wordpress\/wp-content\/uploads\/2018\/09\/ecp2014_so1-279-100x100.jpg 100w, https:\/\/www.caths.cz\/wordpress\/wp-content\/uploads\/2018\/09\/ecp2014_so1-279-150x150.jpg 150w\" sizes=\"auto, (max-width: 100px) 100vw, 100px\" \/><\/a><p>Pra\u017esk\u00fd Strahov bude v\u00a0term\u00ednu 29. \u2013 30. z\u00e1\u0159\u00ed 2018 d\u011bji\u0161t\u011bm fin\u00e1lov\u00e9ho z\u00e1vodu Evropsk\u00e9ho poh\u00e1ru handicapovan\u00fdch cyklist\u016f. Startovn\u00ed listina, \u010d\u00edtaj\u00edc\u00ed t\u00e9m\u011b\u0159 100 z\u00e1vodn\u00edk\u016f, je pln\u00e1 zvu\u010dn\u00fdch jmen nejenom z\u00e1vodn\u00edk\u016f z\u00a0Evropy, ale [&hellip;]<\/p>\n","protected":false},"author":1,"featured_media":26250,"comment_status":"closed","ping_status":"closed","sticky":false,"template":"","format":"standard","meta":{"ngg_post_thumbnail":0,"footnotes":""},"categories":[2],"tags":[],"class_list":["post-26248","post","type-post","status-publish","format-standard","has-post-thumbnail","hentry","category-cyklistika"],"_links":{"self":[{"href":"https:\/\/www.caths.cz\/wordpress\/wp-json\/wp\/v2\/posts\/26248","targetHints":{"allow":["GET"]}}],"collection":[{"href":"https:\/\/www.caths.cz\/wordpress\/wp-json\/wp\/v2\/posts"}],"about":[{"href":"https:\/\/www.caths.cz\/wordpress\/wp-json\/wp\/v2\/types\/post"}],"author":[{"embeddable":true,"href":"https:\/\/www.caths.cz\/wordpress\/wp-json\/wp\/v2\/users\/1"}],"replies":[{"embeddable":true,"href":"https:\/\/www.caths.cz\/wordpress\/wp-json\/wp\/v2\/comments?post=26248"}],"version-history":[{"count":1,"href":"https:\/\/www.caths.cz\/wordpress\/wp-json\/wp\/v2\/posts\/26248\/revisions"}],"predecessor-version":[{"id":26251,"href":"https:\/\/www.caths.cz\/wordpress\/wp-json\/wp\/v2\/posts\/26248\/revisions\/26251"}],"wp:featuredmedia":[{"embeddable":true,"href":"https:\/\/www.caths.cz\/wordpress\/wp-json\/wp\/v2\/media\/26250"}],"wp:attachment":[{"href":"https:\/\/www.caths.cz\/wordpress\/wp-json\/wp\/v2\/media?parent=26248"}],"wp:term":[{"taxonomy":"category","embeddable":true,"href":"https:\/\/www.caths.cz\/wordpress\/wp-json\/wp\/v2\/categories?post=26248"},{"taxonomy":"post_tag","embeddable":true,"href":"https:\/\/www.caths.cz\/wordpress\/wp-json\/wp\/v2\/tags?post=26248"}],"curies":[{"name":"wp","href":"https:\/\/api.w.org\/{rel}","templated":true}]}}