{"id":26245,"date":"2018-09-27T22:58:22","date_gmt":"2018-09-27T21:58:22","guid":{"rendered":"http:\/\/www.caths.cz\/wordpress\/?p=26245"},"modified":"2018-09-27T22:58:22","modified_gmt":"2018-09-27T21:58:22","slug":"tomas-pesek-vybojoval-bronz-na-svetovem-poharu-ve-strelbe","status":"publish","type":"post","link":"https:\/\/www.caths.cz\/wordpress\/tomas-pesek-vybojoval-bronz-na-svetovem-poharu-ve-strelbe\/","title":{"rendered":"Tom\u00e1\u0161 Pe\u0161ek vybojoval bronz na sv\u011btov\u00e9m poh\u00e1ru ve st\u0159elb\u011b!"},"content":{"rendered":"<p>Reprezenta\u010dn\u00ed t\u00fdm st\u0159elby \u010cR odjel do Francie na sv\u011btov\u00fd poh\u00e1r ve st\u0159elb\u011b. Tento rok se jedn\u00e1 ji\u017e o \u010dtvrt\u00fd z\u00e1vod sv\u011btov\u00e9ho poh\u00e1ru, tentokr\u00e1t ve francousk\u00e9m m\u011bste\u010dku Chateauroux. Nav\u00edc se jedn\u00e1 o kvalifika\u010dn\u00ed z\u00e1vod na Tokyo 2020, kdy bude rozd\u011blov\u00e1no celkem 17 slot\u016f tzv. kvotaplatz\u016f na tyto letn\u00ed paralympijsk\u00e9 hry.<\/p>\n<p>\u010cesk\u00e9 barvy ve Francii reprezentuje 5 st\u0159elc\u016f &#8211; Jakub Kosek, Tom\u00e1\u0161 Pe\u0161ek, Franti\u0161ek Kone\u010dn\u00fd, Vladim\u00edr Mar\u010dan a Vladim\u00edr Hriadel.<\/p>\n<p><strong>Vynikaj\u00edc\u00ed v\u00fdsledek se ve \u010dtvrtek poda\u0159ilo vybojovat Tom\u00e1\u0161i Pe\u0161kovi v disc\u00edpl\u00edn\u011b P1 10 m vzduchov\u00e1 pistole, kdy\u017e vyst\u0159\u00edlel ve fin\u00e1le 3.m\u00edsto a veze dom\u016f bronz.<\/strong>\u00a0 Jakub Kosek, leto\u0161n\u00ed dr\u017eitel bronzov\u00e9 medaile z SP \u0160t\u011bt\u00edn, se bohu\u017eel ve Francii zranil ruku a proto jeho v\u00fdsledek byl a\u017e ve t\u0159et\u00ed des\u00edtce v\u00fdsledkov\u00e9 listiny.<\/p>\n<p>V p\u00e1tek 28.9. uvid\u00edme na programu sv\u011btov\u00e9ho poh\u00e1ru op\u011bt \u010cechy v akci. V discipl\u00edn\u011b P5 10m vzduchov\u00e1 pistole nastoup\u00ed v\u0161ech p\u011bt na\u0161ich reprezentant\u016f a st\u0159\u00edlet se bude i soizt\u011b\u017e t\u00fdm\u016f.<\/p>\n<p>V\u00fdsledky SP Chateauroux: <a href=\"https:\/\/www.paralympic.org\/shooting\/live-results\">ZDE<\/a><\/p>\n<p><a href=\"http:\/\/www.caths.cz\/wordpress\/wp-content\/uploads\/2018\/09\/IMG-27ce98baffa51f813a28417a805f8f2a-V.jpg\"><img loading=\"lazy\" decoding=\"async\" class=\"alignnone size-large wp-image-26246\" src=\"http:\/\/www.caths.cz\/wordpress\/wp-content\/uploads\/2018\/09\/IMG-27ce98baffa51f813a28417a805f8f2a-V-1024x646.jpg\" alt=\"IMG-27ce98baffa51f813a28417a805f8f2a-V\" width=\"600\" height=\"379\" srcset=\"https:\/\/www.caths.cz\/wordpress\/wp-content\/uploads\/2018\/09\/IMG-27ce98baffa51f813a28417a805f8f2a-V-1024x646.jpg 1024w, https:\/\/www.caths.cz\/wordpress\/wp-content\/uploads\/2018\/09\/IMG-27ce98baffa51f813a28417a805f8f2a-V-300x189.jpg 300w, https:\/\/www.caths.cz\/wordpress\/wp-content\/uploads\/2018\/09\/IMG-27ce98baffa51f813a28417a805f8f2a-V-120x76.jpg 120w, https:\/\/www.caths.cz\/wordpress\/wp-content\/uploads\/2018\/09\/IMG-27ce98baffa51f813a28417a805f8f2a-V.jpg 1280w\" sizes=\"auto, (max-width: 600px) 100vw, 600px\" \/><\/a><\/p>\n","protected":false},"excerpt":{"rendered":"<a href=\"https:\/\/www.caths.cz\/wordpress\/tomas-pesek-vybojoval-bronz-na-svetovem-poharu-ve-strelbe\/\"><img width=\"100\" height=\"100\" src=\"https:\/\/www.caths.cz\/wordpress\/wp-content\/uploads\/2018\/09\/IMG-27ce98baffa51f813a28417a805f8f2a-V-100x100.jpg\" class=\"alignleft tfe wp-post-image\" alt=\"\" decoding=\"async\" loading=\"lazy\" srcset=\"https:\/\/www.caths.cz\/wordpress\/wp-content\/uploads\/2018\/09\/IMG-27ce98baffa51f813a28417a805f8f2a-V-100x100.jpg 100w, https:\/\/www.caths.cz\/wordpress\/wp-content\/uploads\/2018\/09\/IMG-27ce98baffa51f813a28417a805f8f2a-V-150x150.jpg 150w\" sizes=\"auto, (max-width: 100px) 100vw, 100px\" \/><\/a><p>Reprezenta\u010dn\u00ed t\u00fdm st\u0159elby \u010cR odjel do Francie na sv\u011btov\u00fd poh\u00e1r ve st\u0159elb\u011b. Tento rok se jedn\u00e1 ji\u017e o \u010dtvrt\u00fd z\u00e1vod sv\u011btov\u00e9ho poh\u00e1ru, tentokr\u00e1t ve francousk\u00e9m m\u011bste\u010dku Chateauroux. Nav\u00edc se jedn\u00e1 [&hellip;]<\/p>\n","protected":false},"author":1,"featured_media":26246,"comment_status":"closed","ping_status":"closed","sticky":false,"template":"","format":"standard","meta":{"ngg_post_thumbnail":0,"footnotes":""},"categories":[18],"tags":[],"class_list":["post-26245","post","type-post","status-publish","format-standard","has-post-thumbnail","hentry","category-strelba"],"_links":{"self":[{"href":"https:\/\/www.caths.cz\/wordpress\/wp-json\/wp\/v2\/posts\/26245","targetHints":{"allow":["GET"]}}],"collection":[{"href":"https:\/\/www.caths.cz\/wordpress\/wp-json\/wp\/v2\/posts"}],"about":[{"href":"https:\/\/www.caths.cz\/wordpress\/wp-json\/wp\/v2\/types\/post"}],"author":[{"embeddable":true,"href":"https:\/\/www.caths.cz\/wordpress\/wp-json\/wp\/v2\/users\/1"}],"replies":[{"embeddable":true,"href":"https:\/\/www.caths.cz\/wordpress\/wp-json\/wp\/v2\/comments?post=26245"}],"version-history":[{"count":1,"href":"https:\/\/www.caths.cz\/wordpress\/wp-json\/wp\/v2\/posts\/26245\/revisions"}],"predecessor-version":[{"id":26247,"href":"https:\/\/www.caths.cz\/wordpress\/wp-json\/wp\/v2\/posts\/26245\/revisions\/26247"}],"wp:featuredmedia":[{"embeddable":true,"href":"https:\/\/www.caths.cz\/wordpress\/wp-json\/wp\/v2\/media\/26246"}],"wp:attachment":[{"href":"https:\/\/www.caths.cz\/wordpress\/wp-json\/wp\/v2\/media?parent=26245"}],"wp:term":[{"taxonomy":"category","embeddable":true,"href":"https:\/\/www.caths.cz\/wordpress\/wp-json\/wp\/v2\/categories?post=26245"},{"taxonomy":"post_tag","embeddable":true,"href":"https:\/\/www.caths.cz\/wordpress\/wp-json\/wp\/v2\/tags?post=26245"}],"curies":[{"name":"wp","href":"https:\/\/api.w.org\/{rel}","templated":true}]}}