{"id":26240,"date":"2018-09-25T12:44:41","date_gmt":"2018-09-25T11:44:41","guid":{"rendered":"http:\/\/www.caths.cz\/wordpress\/?p=26240"},"modified":"2018-09-25T12:44:41","modified_gmt":"2018-09-25T11:44:41","slug":"skvele-v-souboji-druzstev-na-czech-open-2018-v-ostrave-vybojovali-cesi-ctyri-dalsi-cenne-kovy","status":"publish","type":"post","link":"https:\/\/www.caths.cz\/wordpress\/skvele-v-souboji-druzstev-na-czech-open-2018-v-ostrave-vybojovali-cesi-ctyri-dalsi-cenne-kovy\/","title":{"rendered":"Skv\u011bl\u00e9! V souboji dru\u017estev na Czech Open 2018 v Ostrav\u011b vybojovali \u010ce\u0161i \u010dty\u0159i dal\u0161\u00ed cenn\u00e9 kovy!"},"content":{"rendered":"<p>Posledn\u00ed dva dny turnaje Czech Open 2018 v Ostrav\u011b (p\u00e1tek a sobota) byly v\u011bnov\u00e1ny sout\u011b\u017ei dru\u017estev. I p\u0159es velkou konkurenci (d\u00edky bl\u00ed\u017e\u00edc\u00edmu se bl\u00ed\u017e\u00ed mistrovstv\u00ed sv\u011bta a kvalifikaci pro LPH v Tokiu) nez\u016fstala \u010cesk\u00e1 republika pozadu a dok\u00e1zala z\u00edskat \u010dty\u0159i medaile, z toho hned dv\u011b nejcenn\u011bj\u0161\u00ed!<\/p>\n<p>S velk\u00fdmi ambicemi vstupovali do sout\u011b\u017ee dru\u017estev v kategorii TM7 trojice stoln\u00edch tenist\u016f: Zbyn\u011bk Lambert, Dan Horut a mlad\u00edk Kristi\u00e1n Jel\u00ednek. Po v\u00edt\u011bzstv\u00ed ve skupin\u011b pokra\u010dovali do vy\u0159azovac\u00edch boj\u016f, kde se nejprve st\u0159etli v bitv\u011b o semifin\u00e1le se \u0160v\u00fdcary, se kter\u00fdmi si na\u0161i poradili. Dal\u0161\u00edm soupe\u0159em byli na\u0161emu t\u00fdmu borci z Japonska. Ani zde na\u0161i nezav\u00e1hali a stejn\u011b dob\u0159e se jim vedlo proti dal\u0161\u00edmu japonsk\u00e9mu t\u00fdmu ve fin\u00e1le. Horut, Lambert a Jel\u00ednek se tedy mohou chlubit fantastickou zlatou medail\u00ed na krku!<\/p>\n<p>Aby zlat\u00e9 radosti nebylo m\u00e1lo, v kategorii TM9 vybojoval dal\u0161\u00ed prvenstv\u00ed David P\u016flp\u00e1n, kter\u00fd spole\u010dn\u011b s jeho t\u00fdmov\u00fdm kolegou z Izraele (Aviv Gordon) suver\u00e9nn\u011b, p\u0159es v\u00edt\u011bzstv\u00ed ve skupin\u011b a n\u00e1slednou v\u00fdhru v semifin\u00e1le s Rumunsko-N\u011bmeckou dvojic\u00ed, dokr\u00e1\u010deli a\u017e do fin\u00e1le, kde si poradili tak\u00e9 s dru\u017estvem Polska a v kategorii TM9 zv\u00edt\u011bzili!<\/p>\n<p>V\u00fdborn\u011b si tak\u00e9 vedl Vratislav Hol\u00edk, kter\u00fd s jeho par\u0165\u00e1kem Ji\u0159\u00edm \u017d\u00e1kem (\u010cSTPS) jednozna\u010dn\u011b ovl\u00e1dli skupinovou f\u00e1zi. V semifin\u00e1le p\u0159e\u0161li p\u0159es \u0160v\u00e9dy a p\u0159emo\u017eitele na\u0161li a\u017e ve fin\u00e1lov\u00e9m souboji se Slov\u00e1ky, kter\u00fdm podlehli v pom\u011bru 1:2. I p\u0159es prohru mus\u00ed b\u00fdt ale na\u0161i stoln\u00ed tenist\u00e9 velice spokojeni s p\u0159ekr\u00e1sn\u00fdm druh\u00fdm m\u00edstem a st\u0159\u00edbrn\u00fdmi medailemi v kategorii TM4!<\/p>\n<p>Za zm\u00ednku rozhodn\u011b stoj\u00ed kategorie TM1-2, kde sout\u011b\u017eili na\u0161i Ji\u0159\u00ed Such\u00e1nek a Martin Zvol\u00e1nek (oba \u010cSTPS), kte\u0159\u00ed turnajem proch\u00e1zeli velmi hladce, v\u00fdhru po v\u00fdh\u0159e. Zastavit je dok\u00e1zali a\u017e kolegov\u00e9 z Polska v bitv\u011b o celkov\u00e9 prvenstv\u00ed. Such\u00e1nek ze Zvol\u00e1nkem tedy berou kr\u00e1sn\u00e9 druh\u00e9 m\u00edsto!<\/p>\n<p><em>Foto: (zdroj: Facebook: @czechopenostrava)<\/em><\/p>\n<p><a href=\"http:\/\/www.caths.cz\/wordpress\/wp-content\/uploads\/2018\/09\/sttt.jpg\"><img loading=\"lazy\" decoding=\"async\" class=\"alignnone size-full wp-image-26241\" src=\"http:\/\/www.caths.cz\/wordpress\/wp-content\/uploads\/2018\/09\/sttt.jpg\" alt=\"sttt\" width=\"960\" height=\"535\" srcset=\"https:\/\/www.caths.cz\/wordpress\/wp-content\/uploads\/2018\/09\/sttt.jpg 960w, https:\/\/www.caths.cz\/wordpress\/wp-content\/uploads\/2018\/09\/sttt-300x167.jpg 300w, https:\/\/www.caths.cz\/wordpress\/wp-content\/uploads\/2018\/09\/sttt-120x67.jpg 120w\" sizes=\"auto, (max-width: 960px) 100vw, 960px\" \/><\/a><\/p>\n<p><a href=\"http:\/\/www.caths.cz\/wordpress\/wp-content\/uploads\/2018\/09\/42526240_1966167070350648_427024048208216064_o.jpg\"><img loading=\"lazy\" decoding=\"async\" class=\"alignnone size-large wp-image-26242\" src=\"http:\/\/www.caths.cz\/wordpress\/wp-content\/uploads\/2018\/09\/42526240_1966167070350648_427024048208216064_o-1024x461.jpg\" alt=\"42526240_1966167070350648_427024048208216064_o\" width=\"600\" height=\"270\" srcset=\"https:\/\/www.caths.cz\/wordpress\/wp-content\/uploads\/2018\/09\/42526240_1966167070350648_427024048208216064_o-1024x461.jpg 1024w, https:\/\/www.caths.cz\/wordpress\/wp-content\/uploads\/2018\/09\/42526240_1966167070350648_427024048208216064_o-300x135.jpg 300w, https:\/\/www.caths.cz\/wordpress\/wp-content\/uploads\/2018\/09\/42526240_1966167070350648_427024048208216064_o-120x54.jpg 120w\" sizes=\"auto, (max-width: 600px) 100vw, 600px\" \/><\/a><\/p>\n<p><a href=\"http:\/\/www.caths.cz\/wordpress\/wp-content\/uploads\/2018\/09\/42267717_10213998101206763_2883296929754644480_o.jpg\"><img loading=\"lazy\" decoding=\"async\" class=\"alignnone size-large wp-image-26243\" src=\"http:\/\/www.caths.cz\/wordpress\/wp-content\/uploads\/2018\/09\/42267717_10213998101206763_2883296929754644480_o-1024x683.jpg\" alt=\"42267717_10213998101206763_2883296929754644480_o\" width=\"600\" height=\"400\" srcset=\"https:\/\/www.caths.cz\/wordpress\/wp-content\/uploads\/2018\/09\/42267717_10213998101206763_2883296929754644480_o-1024x683.jpg 1024w, https:\/\/www.caths.cz\/wordpress\/wp-content\/uploads\/2018\/09\/42267717_10213998101206763_2883296929754644480_o-300x200.jpg 300w, https:\/\/www.caths.cz\/wordpress\/wp-content\/uploads\/2018\/09\/42267717_10213998101206763_2883296929754644480_o-120x80.jpg 120w, https:\/\/www.caths.cz\/wordpress\/wp-content\/uploads\/2018\/09\/42267717_10213998101206763_2883296929754644480_o.jpg 1782w\" sizes=\"auto, (max-width: 600px) 100vw, 600px\" \/><\/a><\/p>\n","protected":false},"excerpt":{"rendered":"<a href=\"https:\/\/www.caths.cz\/wordpress\/skvele-v-souboji-druzstev-na-czech-open-2018-v-ostrave-vybojovali-cesi-ctyri-dalsi-cenne-kovy\/\"><img width=\"100\" height=\"100\" src=\"https:\/\/www.caths.cz\/wordpress\/wp-content\/uploads\/2018\/09\/sttt-100x100.jpg\" class=\"alignleft tfe wp-post-image\" alt=\"\" decoding=\"async\" loading=\"lazy\" srcset=\"https:\/\/www.caths.cz\/wordpress\/wp-content\/uploads\/2018\/09\/sttt-100x100.jpg 100w, https:\/\/www.caths.cz\/wordpress\/wp-content\/uploads\/2018\/09\/sttt-150x150.jpg 150w\" sizes=\"auto, (max-width: 100px) 100vw, 100px\" \/><\/a><p>Posledn\u00ed dva dny turnaje Czech Open 2018 v Ostrav\u011b (p\u00e1tek a sobota) byly v\u011bnov\u00e1ny sout\u011b\u017ei dru\u017estev. I p\u0159es velkou konkurenci (d\u00edky bl\u00ed\u017e\u00edc\u00edmu se bl\u00ed\u017e\u00ed mistrovstv\u00ed sv\u011bta a kvalifikaci pro LPH [&hellip;]<\/p>\n","protected":false},"author":1,"featured_media":26241,"comment_status":"closed","ping_status":"closed","sticky":false,"template":"","format":"standard","meta":{"ngg_post_thumbnail":0,"footnotes":""},"categories":[19],"tags":[],"class_list":["post-26240","post","type-post","status-publish","format-standard","has-post-thumbnail","hentry","category-stolni-tenis"],"_links":{"self":[{"href":"https:\/\/www.caths.cz\/wordpress\/wp-json\/wp\/v2\/posts\/26240","targetHints":{"allow":["GET"]}}],"collection":[{"href":"https:\/\/www.caths.cz\/wordpress\/wp-json\/wp\/v2\/posts"}],"about":[{"href":"https:\/\/www.caths.cz\/wordpress\/wp-json\/wp\/v2\/types\/post"}],"author":[{"embeddable":true,"href":"https:\/\/www.caths.cz\/wordpress\/wp-json\/wp\/v2\/users\/1"}],"replies":[{"embeddable":true,"href":"https:\/\/www.caths.cz\/wordpress\/wp-json\/wp\/v2\/comments?post=26240"}],"version-history":[{"count":1,"href":"https:\/\/www.caths.cz\/wordpress\/wp-json\/wp\/v2\/posts\/26240\/revisions"}],"predecessor-version":[{"id":26244,"href":"https:\/\/www.caths.cz\/wordpress\/wp-json\/wp\/v2\/posts\/26240\/revisions\/26244"}],"wp:featuredmedia":[{"embeddable":true,"href":"https:\/\/www.caths.cz\/wordpress\/wp-json\/wp\/v2\/media\/26241"}],"wp:attachment":[{"href":"https:\/\/www.caths.cz\/wordpress\/wp-json\/wp\/v2\/media?parent=26240"}],"wp:term":[{"taxonomy":"category","embeddable":true,"href":"https:\/\/www.caths.cz\/wordpress\/wp-json\/wp\/v2\/categories?post=26240"},{"taxonomy":"post_tag","embeddable":true,"href":"https:\/\/www.caths.cz\/wordpress\/wp-json\/wp\/v2\/tags?post=26240"}],"curies":[{"name":"wp","href":"https:\/\/api.w.org\/{rel}","templated":true}]}}