{"id":26235,"date":"2018-09-24T14:59:56","date_gmt":"2018-09-24T13:59:56","guid":{"rendered":"http:\/\/www.caths.cz\/wordpress\/?p=26235"},"modified":"2018-09-24T14:59:56","modified_gmt":"2018-09-24T13:59:56","slug":"tituly-vitezu-ceskeho-poharu-tp-2018-ve-sportovni-strelbe-si-z-olomouce-odvezl-jakub-kosek","status":"publish","type":"post","link":"https:\/\/www.caths.cz\/wordpress\/tituly-vitezu-ceskeho-poharu-tp-2018-ve-sportovni-strelbe-si-z-olomouce-odvezl-jakub-kosek\/","title":{"rendered":"Tituly V\u00edt\u011bz\u016f \u010cesk\u00e9ho poh\u00e1ru TP 2018 ve sportovn\u00ed st\u0159elb\u011b si z Olomouce odvezl Jakub Kosek."},"content":{"rendered":"<p>V\u00a0sobotu 6. 9. p\u0159iv\u00edtala Olomouc \u00fa\u010dastn\u00edky fin\u00e1lov\u00e9ho kola \u010cesk\u00e9ho poh\u00e1ru ve sportovn\u00ed st\u0159elb\u011b t\u011blesn\u011b posti\u017een\u00fdch kategorie SH1. V\u00a0obou discipl\u00edn\u00e1ch na 1. a 2. m\u00edst\u011b byly nast\u0159\u00edleny \u0161pi\u010dkov\u00e9 v\u00fdsledky v\u00a0mistrovsk\u00e9 t\u0159\u00edd\u011b.<\/p>\n<p>V\u00a0rann\u00ed sout\u011b\u017ei za p\u0159\u00edzniv\u00fdch pov\u011btrnostn\u00edch podm\u00ednek v discipl\u00edn\u011b P3 zv\u00edt\u011bzil Kosek s\u00a0n\u00e1st\u0159elem 561 bod\u016f, p\u0159ed druh\u00fdm Pe\u0161kem\/554 bod\u016f a t\u0159et\u00edm Kone\u010dn\u00fdm\/535 bod\u016f.<\/p>\n<p>Po se\u010dten\u00ed bod\u016f z\u00a0dvou nejlep\u0161\u00edch kol a fin\u00e1le se stal celkov\u00fdm v\u00edt\u011bzem Jakub Kosek s 90 body, 2. m\u00edsto z\u00edskal Tom\u00e1\u0161 Pe\u0161ek za 70 bod\u016f a 3. m\u00edsto obsadil Franti\u0161ek Kone\u010dn\u00fd s 41 body.<\/p>\n<p>V\u00a0t\u00e9to discipl\u00edn\u011b bylo hodnoceno 11 st\u0159elc\u016f.<\/p>\n<p>Odpoledne pokra\u010dovalo fin\u00e1le discipl\u00ednou P1, kterou vyhr\u00e1l Kosek s n\u00e1st\u0159elem 562 bod\u016f, 2. m\u00edsto obsadil Pe\u0161ek\/557 bod\u016f a 3. m\u00edsto si vyst\u0159\u00edlel Kone\u010dn\u00fd\/545 bod\u016f.<\/p>\n<p>Po se\u010dten\u00ed bod\u016f z\u00a0dvou nejlep\u0161\u00edch kol a\u00a0fin\u00e1le se stal celkov\u00fdm v\u00edt\u011bzem Jakub Kosek s 80 body, 2. m\u00edsto z\u00edskal Tom\u00e1\u0161 Pe\u0161ek s 80 body, ale hor\u0161\u00edm v\u00fdsledkem ve fin\u00e1lov\u00e9m z\u00e1vod\u011b a 3. m\u00edsto obsadil Franti\u0161ek Kone\u010dn\u00fd s 45 body.<\/p>\n<p>V\u00a0t\u00e9to discipl\u00edn\u011b bylo hodnoceno 14 st\u0159elc\u016f.<\/p>\n<p>Celkov\u00e9 v\u00fdsledky \u010cP<br \/>\n<a href=\"http:\/\/www.caths.cz\/wordpress\/wp-content\/uploads\/2018\/09\/\u010cesk\u00fd-poh\u00e1r-st\u0159elba-2018-Fin\u00e1le.pdf\">\u010cesk\u00fd poh\u00e1r st\u0159elba 2018 &#8211; Fin\u00e1le<\/a><br \/>\n<a href=\"http:\/\/www.caths.cz\/wordpress\/wp-content\/uploads\/2018\/09\/\u010cesk\u00fd-poh\u00e1r-st\u0159elba-2018-celkov\u00e9-vyhodnocen\u00ed.pdf\">\u010cesk\u00fd poh\u00e1r st\u0159elba 2018 &#8211; celkov\u00e9 vyhodnocen\u00ed<\/a><\/p>\n<p><a href=\"http:\/\/www.caths.cz\/wordpress\/wp-content\/uploads\/2018\/09\/\u010cP-TP-Olomouc-P1.jpg\"><img loading=\"lazy\" decoding=\"async\" class=\"alignnone size-full wp-image-26238\" src=\"http:\/\/www.caths.cz\/wordpress\/wp-content\/uploads\/2018\/09\/\u010cP-TP-Olomouc-P1.jpg\" alt=\"\u010cP TP Olomouc P1\" width=\"1000\" height=\"750\" srcset=\"https:\/\/www.caths.cz\/wordpress\/wp-content\/uploads\/2018\/09\/\u010cP-TP-Olomouc-P1.jpg 1000w, https:\/\/www.caths.cz\/wordpress\/wp-content\/uploads\/2018\/09\/\u010cP-TP-Olomouc-P1-300x225.jpg 300w, https:\/\/www.caths.cz\/wordpress\/wp-content\/uploads\/2018\/09\/\u010cP-TP-Olomouc-P1-120x90.jpg 120w\" sizes=\"auto, (max-width: 1000px) 100vw, 1000px\" \/><\/a><\/p>\n","protected":false},"excerpt":{"rendered":"<a href=\"https:\/\/www.caths.cz\/wordpress\/tituly-vitezu-ceskeho-poharu-tp-2018-ve-sportovni-strelbe-si-z-olomouce-odvezl-jakub-kosek\/\"><img width=\"100\" height=\"100\" src=\"https:\/\/www.caths.cz\/wordpress\/wp-content\/uploads\/2018\/09\/\u010cP-TP-Olomouc-P1-100x100.jpg\" class=\"alignleft tfe wp-post-image\" alt=\"\" decoding=\"async\" loading=\"lazy\" srcset=\"https:\/\/www.caths.cz\/wordpress\/wp-content\/uploads\/2018\/09\/\u010cP-TP-Olomouc-P1-100x100.jpg 100w, https:\/\/www.caths.cz\/wordpress\/wp-content\/uploads\/2018\/09\/\u010cP-TP-Olomouc-P1-150x150.jpg 150w\" sizes=\"auto, (max-width: 100px) 100vw, 100px\" \/><\/a><p>V\u00a0sobotu 6. 9. p\u0159iv\u00edtala Olomouc \u00fa\u010dastn\u00edky fin\u00e1lov\u00e9ho kola \u010cesk\u00e9ho poh\u00e1ru ve sportovn\u00ed st\u0159elb\u011b t\u011blesn\u011b posti\u017een\u00fdch kategorie SH1. V\u00a0obou discipl\u00edn\u00e1ch na 1. a 2. m\u00edst\u011b byly nast\u0159\u00edleny \u0161pi\u010dkov\u00e9 v\u00fdsledky v\u00a0mistrovsk\u00e9 t\u0159\u00edd\u011b. [&hellip;]<\/p>\n","protected":false},"author":1,"featured_media":26238,"comment_status":"closed","ping_status":"closed","sticky":false,"template":"","format":"standard","meta":{"ngg_post_thumbnail":0,"footnotes":""},"categories":[18],"tags":[],"class_list":["post-26235","post","type-post","status-publish","format-standard","has-post-thumbnail","hentry","category-strelba"],"_links":{"self":[{"href":"https:\/\/www.caths.cz\/wordpress\/wp-json\/wp\/v2\/posts\/26235","targetHints":{"allow":["GET"]}}],"collection":[{"href":"https:\/\/www.caths.cz\/wordpress\/wp-json\/wp\/v2\/posts"}],"about":[{"href":"https:\/\/www.caths.cz\/wordpress\/wp-json\/wp\/v2\/types\/post"}],"author":[{"embeddable":true,"href":"https:\/\/www.caths.cz\/wordpress\/wp-json\/wp\/v2\/users\/1"}],"replies":[{"embeddable":true,"href":"https:\/\/www.caths.cz\/wordpress\/wp-json\/wp\/v2\/comments?post=26235"}],"version-history":[{"count":1,"href":"https:\/\/www.caths.cz\/wordpress\/wp-json\/wp\/v2\/posts\/26235\/revisions"}],"predecessor-version":[{"id":26239,"href":"https:\/\/www.caths.cz\/wordpress\/wp-json\/wp\/v2\/posts\/26235\/revisions\/26239"}],"wp:featuredmedia":[{"embeddable":true,"href":"https:\/\/www.caths.cz\/wordpress\/wp-json\/wp\/v2\/media\/26238"}],"wp:attachment":[{"href":"https:\/\/www.caths.cz\/wordpress\/wp-json\/wp\/v2\/media?parent=26235"}],"wp:term":[{"taxonomy":"category","embeddable":true,"href":"https:\/\/www.caths.cz\/wordpress\/wp-json\/wp\/v2\/categories?post=26235"},{"taxonomy":"post_tag","embeddable":true,"href":"https:\/\/www.caths.cz\/wordpress\/wp-json\/wp\/v2\/tags?post=26235"}],"curies":[{"name":"wp","href":"https:\/\/api.w.org\/{rel}","templated":true}]}}