{"id":26230,"date":"2018-09-21T15:12:32","date_gmt":"2018-09-21T14:12:32","guid":{"rendered":"http:\/\/www.caths.cz\/wordpress\/?p=26230"},"modified":"2018-09-21T15:12:32","modified_gmt":"2018-09-21T14:12:32","slug":"ostrava-privitala-svetovou-spicku-stolniho-tenisu","status":"publish","type":"post","link":"https:\/\/www.caths.cz\/wordpress\/ostrava-privitala-svetovou-spicku-stolniho-tenisu\/","title":{"rendered":"Ostrava p\u0159iv\u00edtala sv\u011btovou \u0161pi\u010dku stoln\u00edho tenisu"},"content":{"rendered":"<p>Slavnostn\u00edm zah\u00e1jen\u00edm se ve \u010dtvrtek otev\u0159el mezin\u00e1rodn\u00ed turnaj ve stoln\u00edm tenisu Czech Open 2018 v Ostrav\u011b. Tradi\u010dn\u00edho mezin\u00e1rodn\u00edho turnaje, kter\u00fd je z\u00e1rove\u0148 kvalifika\u010dn\u00edm turnajem pro boje o postup do Tokia 2020, se z\u00fa\u010dastn\u00ed t\u00e9m\u011b\u0159 300 hr\u00e1\u010d\u016f z 32 zem\u00ed cel\u00e9ho sv\u011bta.<\/p>\n<p>\u010cesk\u00e1 republika m\u00e1 v Ostrav\u011b velmi po\u010detn\u00e9 zastoupen\u00ed v po\u010dtu 25 mu\u017e\u016f a 6 \u017een. Z \u010cATHS, kter\u00e1 m\u00e1 v Ostrav\u011b 8 sportovc\u016f, jmenujme &#8211; Spomenka Hab\u011bt\u00ednkov\u00e1 (W4), Vratislav Hol\u00edk (M3), Kristi\u00e1n Jel\u00ednek (M7), Daniel Horut (M7), Zbyn\u011bk Lambert (M7), David V\u00edt \u0160palek (M8), P\u016flp\u00e1n (M9) a Ivan Karabec (M10). Vedle zku\u0161en\u00fdch &#8222;harcovn\u00edk\u016f&#8220; Karabce, Horuta a Lamberta se do souboj\u016f postav\u00ed i mlad\u00ed \u010de\u0161t\u00ed hr\u00e1\u010di, kte\u0159\u00ed zku\u0161enosti na mezin\u00e1rodn\u00edm poli teprve sb\u00edraj\u00ed &#8211; &#8222;n\u00e1ctilet\u00ed&#8220; Kristi\u00e1n Jel\u00ednek a V\u00edtek \u0160palek.<\/p>\n<p>Ve \u010dtvrtek a p\u00e1tek byly na programu turnaje dvouhry, v nich\u017e se nejv\u00edce da\u0159ilo Ivanu Karabcovi (M10), kter\u00fd vybojoval st\u0159\u00edbrnou medaili a Davidu P\u016flp\u00e1novi (M9), kter\u00e9mu jen t\u011bsn\u011b uteklo fin\u00e1le, a odveze si z Ostravy bronz. Stejn\u00fd v\u00fdsledek dos\u00e1hl Jaroslav Hadrava (M3).<\/p>\n<p>Sout\u011b\u017e dru\u017estev se rozb\u011bhne v p\u00e1te\u010dn\u00ed podve\u010der a jej\u00ed rozlu\u0161t\u011bn\u00ed se dozv\u00edme v sobotu odpoledne.<\/p>\n<p>Turnaj m\u016f\u017eete sledovat na streemu <a href=\"https:\/\/www.tvcom.cz\/\">ZDE<\/a><\/p>\n<p>V\u00fdsledky dvouher naleznete <a href=\"http:\/\/www.ipttc.org\/upload\/results\/files\/Ostrava_Single.pdf\">ZDE<\/a><\/p>\n<p><a href=\"http:\/\/www.caths.cz\/wordpress\/wp-content\/uploads\/2018\/09\/42185904_1964380777195944_1533901347328360448_o.jpg\"><img loading=\"lazy\" decoding=\"async\" class=\"alignnone size-large wp-image-26233\" src=\"http:\/\/www.caths.cz\/wordpress\/wp-content\/uploads\/2018\/09\/42185904_1964380777195944_1533901347328360448_o-1024x485.jpg\" alt=\"42185904_1964380777195944_1533901347328360448_o\" width=\"600\" height=\"284\" srcset=\"https:\/\/www.caths.cz\/wordpress\/wp-content\/uploads\/2018\/09\/42185904_1964380777195944_1533901347328360448_o-1024x485.jpg 1024w, https:\/\/www.caths.cz\/wordpress\/wp-content\/uploads\/2018\/09\/42185904_1964380777195944_1533901347328360448_o-300x142.jpg 300w, https:\/\/www.caths.cz\/wordpress\/wp-content\/uploads\/2018\/09\/42185904_1964380777195944_1533901347328360448_o-120x57.jpg 120w\" sizes=\"auto, (max-width: 600px) 100vw, 600px\" \/><\/a><\/p>\n","protected":false},"excerpt":{"rendered":"<a href=\"https:\/\/www.caths.cz\/wordpress\/ostrava-privitala-svetovou-spicku-stolniho-tenisu\/\"><img width=\"100\" height=\"100\" src=\"https:\/\/www.caths.cz\/wordpress\/wp-content\/uploads\/2018\/09\/42185904_1964380777195944_1533901347328360448_o-100x100.jpg\" class=\"alignleft tfe wp-post-image\" alt=\"\" decoding=\"async\" loading=\"lazy\" srcset=\"https:\/\/www.caths.cz\/wordpress\/wp-content\/uploads\/2018\/09\/42185904_1964380777195944_1533901347328360448_o-100x100.jpg 100w, https:\/\/www.caths.cz\/wordpress\/wp-content\/uploads\/2018\/09\/42185904_1964380777195944_1533901347328360448_o-150x150.jpg 150w\" sizes=\"auto, (max-width: 100px) 100vw, 100px\" \/><\/a><p>Slavnostn\u00edm zah\u00e1jen\u00edm se ve \u010dtvrtek otev\u0159el mezin\u00e1rodn\u00ed turnaj ve stoln\u00edm tenisu Czech Open 2018 v Ostrav\u011b. Tradi\u010dn\u00edho mezin\u00e1rodn\u00edho turnaje, kter\u00fd je z\u00e1rove\u0148 kvalifika\u010dn\u00edm turnajem pro boje o postup do Tokia [&hellip;]<\/p>\n","protected":false},"author":1,"featured_media":26233,"comment_status":"closed","ping_status":"closed","sticky":false,"template":"","format":"standard","meta":{"ngg_post_thumbnail":0,"footnotes":""},"categories":[19],"tags":[],"class_list":["post-26230","post","type-post","status-publish","format-standard","has-post-thumbnail","hentry","category-stolni-tenis"],"_links":{"self":[{"href":"https:\/\/www.caths.cz\/wordpress\/wp-json\/wp\/v2\/posts\/26230","targetHints":{"allow":["GET"]}}],"collection":[{"href":"https:\/\/www.caths.cz\/wordpress\/wp-json\/wp\/v2\/posts"}],"about":[{"href":"https:\/\/www.caths.cz\/wordpress\/wp-json\/wp\/v2\/types\/post"}],"author":[{"embeddable":true,"href":"https:\/\/www.caths.cz\/wordpress\/wp-json\/wp\/v2\/users\/1"}],"replies":[{"embeddable":true,"href":"https:\/\/www.caths.cz\/wordpress\/wp-json\/wp\/v2\/comments?post=26230"}],"version-history":[{"count":1,"href":"https:\/\/www.caths.cz\/wordpress\/wp-json\/wp\/v2\/posts\/26230\/revisions"}],"predecessor-version":[{"id":26234,"href":"https:\/\/www.caths.cz\/wordpress\/wp-json\/wp\/v2\/posts\/26230\/revisions\/26234"}],"wp:featuredmedia":[{"embeddable":true,"href":"https:\/\/www.caths.cz\/wordpress\/wp-json\/wp\/v2\/media\/26233"}],"wp:attachment":[{"href":"https:\/\/www.caths.cz\/wordpress\/wp-json\/wp\/v2\/media?parent=26230"}],"wp:term":[{"taxonomy":"category","embeddable":true,"href":"https:\/\/www.caths.cz\/wordpress\/wp-json\/wp\/v2\/categories?post=26230"},{"taxonomy":"post_tag","embeddable":true,"href":"https:\/\/www.caths.cz\/wordpress\/wp-json\/wp\/v2\/tags?post=26230"}],"curies":[{"name":"wp","href":"https:\/\/api.w.org\/{rel}","templated":true}]}}