{"id":26221,"date":"2018-09-11T14:57:34","date_gmt":"2018-09-11T13:57:34","guid":{"rendered":"http:\/\/www.caths.cz\/wordpress\/?p=26221"},"modified":"2018-09-11T14:58:32","modified_gmt":"2018-09-11T13:58:32","slug":"alenader-sadilek-ma-bronz-z-mistrovstvi-bavorska","status":"publish","type":"post","link":"https:\/\/www.caths.cz\/wordpress\/alenader-sadilek-ma-bronz-z-mistrovstvi-bavorska\/","title":{"rendered":"Alexander Sad\u00edlek m\u00e1 bronz z mistrovstv\u00ed Bavorska!"},"content":{"rendered":"<p>Po mistrovstv\u00ed Rakouska na Woerthersee ve t\u0159\u00edd\u011b 2.4mR, kde z\u00edskal celkov\u00e9 t\u0159et\u00ed m\u00edsto, se Alex Sad\u00edlek op\u011bt setkal prvn\u00ed z\u00e1\u0159ijov\u00fd v\u00edkend s\u00a0jachta\u0159i z\u00a0N\u011bmecka a Rakouska na mistrovstv\u00ed Bavorska v\u00a0Prienu am Chiemsee.<\/p>\n<p>Po\u010das\u00ed z\u00e1vodn\u00edk\u016fm nep\u0159\u00e1lo. Od \u010dtvrtka ve\u010dera do ned\u011bln\u00edho r\u00e1na neust\u00e1le pr\u0161elo, \u010dasto velice hust\u011b. To v\u0161ak zku\u0161en\u00e9ho rozhod\u010d\u00edho Kai Schreibera neodradilo a v\u00a0p\u00e1tek po poledni z\u00e1vodn\u00edky nekompromisn\u011b poslal na vodu. Nikdo neprotestoval. Ve st\u0159edn\u00edm v\u011btru se odjely nonstop \u010dty\u0159i rozj\u00ed\u017e\u010fky. Po n\u00e1vratu do p\u0159\u00edstavu, jak u\u017e je v\u00a0Prienu zvykem, \u010dekalo na jachta\u0159e bavorsk\u00e9 i \u010desk\u00e9 pivo a vynikaj\u00edc\u00ed typick\u00e1 bavorsk\u00e1 ve\u010de\u0159e.<\/p>\n<p>V\u00a0sobotu rozhod\u010d\u00ed op\u011bt nelenil a po bohat\u00e9 sn\u00eddani op\u011bt vyjel se sv\u00fdm t\u00fdmem na vodu, aby postavil z\u00e1vodn\u00ed okruh do sm\u011brov\u011b se m\u011bn\u00edc\u00edho v\u011btru, kter\u00fd zesiloval a sl\u00e1bl podle intenzity de\u0161t\u011b. Postaven\u00ed trat\u011b bylo o to slo\u017eit\u011bj\u0161\u00ed, \u017ee na vn\u011bj\u0161\u00edm okruhu startovalo i osm Sonar\u016f.<\/p>\n<p>Prvn\u00ed dv\u011b rozj\u00ed\u017e\u010fky se startovalo je\u0161t\u011b regul\u00e9rn\u011b proti v\u011btru, av\u0161ak po vynucen\u00e9 p\u0159est\u00e1vce na vod\u011b za\u010dalo foukat zleva, a tud\u00ed\u017e po startovn\u00ed \u010d\u00e1\u0159e se jelo ostr\u00fdm levobokem. Na horn\u00ed b\u00f3jku se jelo tud\u00ed\u017e na jeden z\u00e1tah pravobokem bez mo\u017enosti n\u011bjak taktizovat \u010di ovliv\u0148ovat soupe\u0159e \u2013 zkr\u00e1tka byl z\u00a0toho koloto\u010d. To se bohu\u017eel opakovalo i ve v\u0161ech dal\u0161\u00edch rozj\u00ed\u017e\u010fk\u00e1ch.<\/p>\n<p>Na vod\u011b str\u00e1vili z\u00e1vodn\u00edci v\u00a0intenzivn\u00edm de\u0161ti nonstop 6\u20137 hodin, co\u017e bylo dost nep\u0159\u00edjemn\u00e9. V\u00fdhodou bylo, \u017ee se od za\u010d\u00e1tku z\u00e1vodu odjely v\u0161echny vypsan\u00e9 rozj\u00ed\u017e\u010fky (9) a z\u00e1vod byl ukon\u010den slavnostn\u00edm vyhl\u00e1\u0161en\u00edm v\u00edt\u011bz\u016f, projevy p\u0159edsedy po\u0159\u00e1daj\u00edc\u00edho klubu, starosty m\u011bsta Prien a dal\u0161\u00edch funkcion\u00e1\u0159\u016f r\u016fzn\u00fdch svaz\u016f a pak samoz\u0159ejm\u011b op\u011bt skv\u011blou ve\u010de\u0159\u00ed a v\u0161\u00edm co k\u00a0tomu pat\u0159\u00ed.<\/p>\n<p>V\u00edt\u011bzem se stal m\u00edstn\u00ed z\u00e1vodn\u00edk Manfred Barhainski p\u0159ed obh\u00e1jcem lo\u0148sk\u00e9ho titulu Christianem Bodlerem a Alexandrem Sad\u00edlkem (Jachtklub M\u00e1chova jezera Star\u00e9 Splavy). V\u00a0kategorii hendikepovan\u00fdch z\u00edskal Alexander Sad\u00edlek st\u0159\u00edbrnou medaili.<\/p>\n<p>Z\u00e1vodu se\u00a0 z\u00fa\u010dastnili rovn\u011b\u017e Jan Melika, Rostislav Vyhn\u00e1lek a Ji\u0159\u00ed Barto\u0148 z\u00a0YC CERE.\u00a0Za zm\u00ednku stoj\u00ed tak\u00e9 \u00fa\u010dast Mariny Perterer \u2013 \u00a0\u00fa\u010dastnice zimn\u00edch paralympijsk\u00fdch her, nebo Michaela Kerna, \u00fa\u010dastn\u00edka n\u011bkolika paralympi\u00e1d a mistra sv\u011bta ve t\u0159\u00edd\u011b Sonar, jeliko\u017e je bezruk\u00fd, lo\u010f ovl\u00e1d\u00e1 jen nohama&#8230;<\/p>\n<p><em>Zdroj: www.sailing.cz<\/em><\/p>\n<p><a href=\"http:\/\/www.caths.cz\/wordpress\/wp-content\/uploads\/2018\/09\/Sad\u00edlek-3.jpg\"><img loading=\"lazy\" decoding=\"async\" class=\"alignnone size-large wp-image-26222\" src=\"http:\/\/www.caths.cz\/wordpress\/wp-content\/uploads\/2018\/09\/Sad\u00edlek-3-1024x768.jpg\" alt=\"Sad\u00edlek 3\" width=\"600\" height=\"450\" srcset=\"https:\/\/www.caths.cz\/wordpress\/wp-content\/uploads\/2018\/09\/Sad\u00edlek-3-1024x768.jpg 1024w, https:\/\/www.caths.cz\/wordpress\/wp-content\/uploads\/2018\/09\/Sad\u00edlek-3-300x225.jpg 300w, https:\/\/www.caths.cz\/wordpress\/wp-content\/uploads\/2018\/09\/Sad\u00edlek-3-120x90.jpg 120w, https:\/\/www.caths.cz\/wordpress\/wp-content\/uploads\/2018\/09\/Sad\u00edlek-3.jpg 1066w\" sizes=\"auto, (max-width: 600px) 100vw, 600px\" \/><\/a><\/p>\n<p><a href=\"http:\/\/www.caths.cz\/wordpress\/wp-content\/uploads\/2018\/09\/Sad\u00edlek-2.jpg\"><img loading=\"lazy\" decoding=\"async\" class=\"alignnone size-large wp-image-26223\" src=\"http:\/\/www.caths.cz\/wordpress\/wp-content\/uploads\/2018\/09\/Sad\u00edlek-2-1024x768.jpg\" alt=\"Sad\u00edlek 2\" width=\"600\" height=\"450\" srcset=\"https:\/\/www.caths.cz\/wordpress\/wp-content\/uploads\/2018\/09\/Sad\u00edlek-2-1024x768.jpg 1024w, https:\/\/www.caths.cz\/wordpress\/wp-content\/uploads\/2018\/09\/Sad\u00edlek-2-300x225.jpg 300w, https:\/\/www.caths.cz\/wordpress\/wp-content\/uploads\/2018\/09\/Sad\u00edlek-2-120x90.jpg 120w, https:\/\/www.caths.cz\/wordpress\/wp-content\/uploads\/2018\/09\/Sad\u00edlek-2.jpg 1066w\" sizes=\"auto, (max-width: 600px) 100vw, 600px\" \/><\/a><\/p>\n<p><a href=\"http:\/\/www.caths.cz\/wordpress\/wp-content\/uploads\/2018\/09\/Sad\u00edlek1.jpg\"><img loading=\"lazy\" decoding=\"async\" class=\"alignnone size-large wp-image-26224\" src=\"http:\/\/www.caths.cz\/wordpress\/wp-content\/uploads\/2018\/09\/Sad\u00edlek1-1024x768.jpg\" alt=\"Sad\u00edlek1\" width=\"600\" height=\"450\" srcset=\"https:\/\/www.caths.cz\/wordpress\/wp-content\/uploads\/2018\/09\/Sad\u00edlek1-1024x768.jpg 1024w, https:\/\/www.caths.cz\/wordpress\/wp-content\/uploads\/2018\/09\/Sad\u00edlek1-300x225.jpg 300w, https:\/\/www.caths.cz\/wordpress\/wp-content\/uploads\/2018\/09\/Sad\u00edlek1-120x90.jpg 120w, https:\/\/www.caths.cz\/wordpress\/wp-content\/uploads\/2018\/09\/Sad\u00edlek1.jpg 1066w\" sizes=\"auto, (max-width: 600px) 100vw, 600px\" \/><\/a><\/p>\n","protected":false},"excerpt":{"rendered":"<a href=\"https:\/\/www.caths.cz\/wordpress\/alenader-sadilek-ma-bronz-z-mistrovstvi-bavorska\/\"><img width=\"100\" height=\"100\" src=\"https:\/\/www.caths.cz\/wordpress\/wp-content\/uploads\/2018\/09\/Sad\u00edlek1-100x100.jpg\" class=\"alignleft tfe wp-post-image\" alt=\"\" decoding=\"async\" loading=\"lazy\" srcset=\"https:\/\/www.caths.cz\/wordpress\/wp-content\/uploads\/2018\/09\/Sad\u00edlek1-100x100.jpg 100w, https:\/\/www.caths.cz\/wordpress\/wp-content\/uploads\/2018\/09\/Sad\u00edlek1-150x150.jpg 150w\" sizes=\"auto, (max-width: 100px) 100vw, 100px\" \/><\/a><p>Po mistrovstv\u00ed Rakouska na Woerthersee ve t\u0159\u00edd\u011b 2.4mR, kde z\u00edskal celkov\u00e9 t\u0159et\u00ed m\u00edsto, se Alex Sad\u00edlek op\u011bt setkal prvn\u00ed z\u00e1\u0159ijov\u00fd v\u00edkend s\u00a0jachta\u0159i z\u00a0N\u011bmecka a Rakouska na mistrovstv\u00ed Bavorska v\u00a0Prienu am [&hellip;]<\/p>\n","protected":false},"author":1,"featured_media":26224,"comment_status":"closed","ping_status":"closed","sticky":false,"template":"","format":"standard","meta":{"ngg_post_thumbnail":0,"footnotes":""},"categories":[11],"tags":[],"class_list":["post-26221","post","type-post","status-publish","format-standard","has-post-thumbnail","hentry","category-jachting"],"_links":{"self":[{"href":"https:\/\/www.caths.cz\/wordpress\/wp-json\/wp\/v2\/posts\/26221","targetHints":{"allow":["GET"]}}],"collection":[{"href":"https:\/\/www.caths.cz\/wordpress\/wp-json\/wp\/v2\/posts"}],"about":[{"href":"https:\/\/www.caths.cz\/wordpress\/wp-json\/wp\/v2\/types\/post"}],"author":[{"embeddable":true,"href":"https:\/\/www.caths.cz\/wordpress\/wp-json\/wp\/v2\/users\/1"}],"replies":[{"embeddable":true,"href":"https:\/\/www.caths.cz\/wordpress\/wp-json\/wp\/v2\/comments?post=26221"}],"version-history":[{"count":2,"href":"https:\/\/www.caths.cz\/wordpress\/wp-json\/wp\/v2\/posts\/26221\/revisions"}],"predecessor-version":[{"id":26226,"href":"https:\/\/www.caths.cz\/wordpress\/wp-json\/wp\/v2\/posts\/26221\/revisions\/26226"}],"wp:featuredmedia":[{"embeddable":true,"href":"https:\/\/www.caths.cz\/wordpress\/wp-json\/wp\/v2\/media\/26224"}],"wp:attachment":[{"href":"https:\/\/www.caths.cz\/wordpress\/wp-json\/wp\/v2\/media?parent=26221"}],"wp:term":[{"taxonomy":"category","embeddable":true,"href":"https:\/\/www.caths.cz\/wordpress\/wp-json\/wp\/v2\/categories?post=26221"},{"taxonomy":"post_tag","embeddable":true,"href":"https:\/\/www.caths.cz\/wordpress\/wp-json\/wp\/v2\/tags?post=26221"}],"curies":[{"name":"wp","href":"https:\/\/api.w.org\/{rel}","templated":true}]}}