{"id":26146,"date":"2018-08-19T21:50:12","date_gmt":"2018-08-19T20:50:12","guid":{"rendered":"http:\/\/www.caths.cz\/wordpress\/?p=26146"},"modified":"2018-08-19T21:50:12","modified_gmt":"2018-08-19T20:50:12","slug":"strelci-absolvovali-reprezentacni-soustredeni-v-plzni","status":"publish","type":"post","link":"https:\/\/www.caths.cz\/wordpress\/strelci-absolvovali-reprezentacni-soustredeni-v-plzni\/","title":{"rendered":"St\u0159elci absolvovali reprezenta\u010dn\u00ed soust\u0159ed\u011bn\u00ed v Plzni"},"content":{"rendered":"<p>Reprezenta\u010dn\u00ed t\u00fdm st\u0159elc\u016f ve slo\u017een\u00ed Kosek, Mar\u010dan, Pe\u0161ek, Kone\u010dn\u00fd, Hriadel a Gronsk\u00fd absolvovali n\u00e1ro\u010dn\u00e9 soust\u0159ed\u011bn\u00ed v plze\u0148sk\u00e9m arm\u00e1dn\u00edm st\u0159edisku Dukla Plze\u0148. St\u0159elnice v Plzni m\u00e1 parametry pro sout\u011b\u017en\u00ed st\u0159elbu v\u010detn\u011b elektronick\u00fdch ter\u010d\u016f a tak byli na\u0161i st\u0159elci r\u00e1di, \u017ee mohli arm\u00e1dn\u00ed st\u0159elnici vyu\u017e\u00edt.<\/p>\n<p>Soust\u0159ed\u011bn\u00ed se z\u00fa\u010dastnil cel\u00fd reprezenta\u010dn\u00ed v\u00fdb\u011br pod veden\u00edm tren\u00e9ra Karla M\u00e1lka, kter\u00fd spolupracuje s \u010cATHS a sekc\u00ed st\u0159elby ji\u017e n\u011bkolik let.<\/p>\n<p>Cel\u00fd reprezenta\u010dn\u00ed t\u00fdm se z\u00fa\u010dastn\u00ed v z\u00e1\u0159\u00ed sv\u011btov\u00e9ho poh\u00e1ru ve Francii, na kter\u00e9m se bude bojovat o kv\u00f3ty na letn\u00ed paralympijsk\u00e9 hry Tokyo 2020. P\u0159\u00edprava \u010desk\u00fdch st\u0159elc\u016f je tedy v pln\u00e9m proudu.<\/p>\n<p>V leto\u0161n\u00edm roce se reprezentant\u016fm da\u0159\u00ed. Jakubovi Koskovi uteklo v rozst\u0159elu fin\u00e1le na mistrovstv\u00ed sv\u011bta, ale i tak je jeho dev\u00e1t\u00e9 m\u00edsto historick\u00fdm \u00fasp\u011bchem pro \u010cR. Vynikaj\u00edc\u00ed v\u00fdsledky dos\u00e1hl i nov\u00e1\u010dek reprezentace Tom\u00e1\u0161 Pe\u0161ek, kter\u00fd p\u0159ivezl z mezin\u00e1rodn\u00edho z\u00e1vodu v Hannoveru 2 zlata a 1 bronz. I ostatn\u00ed st\u0159elci ji\u017e maj\u00ed spln\u011bn\u00e9 MQS limity na SP a tak budeme netrp\u011bliv\u011b \u010dekat na jejich \u00fa\u010dast ve Francii.<\/p>\n<p><a href=\"http:\/\/www.caths.cz\/wordpress\/wp-content\/uploads\/2018\/08\/20180818_154805.jpg\"><img loading=\"lazy\" decoding=\"async\" class=\"alignnone size-full wp-image-26147\" src=\"http:\/\/www.caths.cz\/wordpress\/wp-content\/uploads\/2018\/08\/20180818_154805.jpg\" alt=\"20180818_154805\" width=\"1000\" height=\"750\" srcset=\"https:\/\/www.caths.cz\/wordpress\/wp-content\/uploads\/2018\/08\/20180818_154805.jpg 1000w, https:\/\/www.caths.cz\/wordpress\/wp-content\/uploads\/2018\/08\/20180818_154805-300x225.jpg 300w, https:\/\/www.caths.cz\/wordpress\/wp-content\/uploads\/2018\/08\/20180818_154805-120x90.jpg 120w\" sizes=\"auto, (max-width: 1000px) 100vw, 1000px\" \/><\/a><\/p>\n<p><a href=\"http:\/\/www.caths.cz\/wordpress\/wp-content\/uploads\/2018\/08\/b21631a6314588297e359349cff2_w1182_h886_ge6a96812bcd611e79142002590604f2e.jpg\"><img loading=\"lazy\" decoding=\"async\" class=\"alignnone size-large wp-image-26148\" src=\"http:\/\/www.caths.cz\/wordpress\/wp-content\/uploads\/2018\/08\/b21631a6314588297e359349cff2_w1182_h886_ge6a96812bcd611e79142002590604f2e-1024x768.jpg\" alt=\"b21631a6314588297e359349cff2_w1182_h886_ge6a96812bcd611e79142002590604f2e\" width=\"600\" height=\"450\" srcset=\"https:\/\/www.caths.cz\/wordpress\/wp-content\/uploads\/2018\/08\/b21631a6314588297e359349cff2_w1182_h886_ge6a96812bcd611e79142002590604f2e-1024x768.jpg 1024w, https:\/\/www.caths.cz\/wordpress\/wp-content\/uploads\/2018\/08\/b21631a6314588297e359349cff2_w1182_h886_ge6a96812bcd611e79142002590604f2e-300x225.jpg 300w, https:\/\/www.caths.cz\/wordpress\/wp-content\/uploads\/2018\/08\/b21631a6314588297e359349cff2_w1182_h886_ge6a96812bcd611e79142002590604f2e-120x90.jpg 120w, https:\/\/www.caths.cz\/wordpress\/wp-content\/uploads\/2018\/08\/b21631a6314588297e359349cff2_w1182_h886_ge6a96812bcd611e79142002590604f2e.jpg 1182w\" sizes=\"auto, (max-width: 600px) 100vw, 600px\" \/><\/a><\/p>\n<p><a href=\"http:\/\/www.caths.cz\/wordpress\/wp-content\/uploads\/2018\/08\/M\u010cR-TP-2017.jpg\"><img loading=\"lazy\" decoding=\"async\" class=\"alignnone size-large wp-image-26149\" src=\"http:\/\/www.caths.cz\/wordpress\/wp-content\/uploads\/2018\/08\/M\u010cR-TP-2017.jpg\" alt=\"M\u010cR-TP-2017\" width=\"223\" height=\"375\" srcset=\"https:\/\/www.caths.cz\/wordpress\/wp-content\/uploads\/2018\/08\/M\u010cR-TP-2017.jpg 223w, https:\/\/www.caths.cz\/wordpress\/wp-content\/uploads\/2018\/08\/M\u010cR-TP-2017-178x300.jpg 178w, https:\/\/www.caths.cz\/wordpress\/wp-content\/uploads\/2018\/08\/M\u010cR-TP-2017-71x120.jpg 71w\" sizes=\"auto, (max-width: 223px) 100vw, 223px\" \/><\/a><\/p>\n","protected":false},"excerpt":{"rendered":"<a href=\"https:\/\/www.caths.cz\/wordpress\/strelci-absolvovali-reprezentacni-soustredeni-v-plzni\/\"><img width=\"100\" height=\"100\" src=\"https:\/\/www.caths.cz\/wordpress\/wp-content\/uploads\/2018\/08\/20180818_154805-100x100.jpg\" class=\"alignleft tfe wp-post-image\" alt=\"\" decoding=\"async\" loading=\"lazy\" srcset=\"https:\/\/www.caths.cz\/wordpress\/wp-content\/uploads\/2018\/08\/20180818_154805-100x100.jpg 100w, https:\/\/www.caths.cz\/wordpress\/wp-content\/uploads\/2018\/08\/20180818_154805-150x150.jpg 150w\" sizes=\"auto, (max-width: 100px) 100vw, 100px\" \/><\/a><p>Reprezenta\u010dn\u00ed t\u00fdm st\u0159elc\u016f ve slo\u017een\u00ed Kosek, Mar\u010dan, Pe\u0161ek, Kone\u010dn\u00fd, Hriadel a Gronsk\u00fd absolvovali n\u00e1ro\u010dn\u00e9 soust\u0159ed\u011bn\u00ed v plze\u0148sk\u00e9m arm\u00e1dn\u00edm st\u0159edisku Dukla Plze\u0148. St\u0159elnice v Plzni m\u00e1 parametry pro sout\u011b\u017en\u00ed st\u0159elbu v\u010detn\u011b [&hellip;]<\/p>\n","protected":false},"author":1,"featured_media":26147,"comment_status":"closed","ping_status":"closed","sticky":false,"template":"","format":"standard","meta":{"ngg_post_thumbnail":0,"footnotes":""},"categories":[18],"tags":[],"class_list":["post-26146","post","type-post","status-publish","format-standard","has-post-thumbnail","hentry","category-strelba"],"_links":{"self":[{"href":"https:\/\/www.caths.cz\/wordpress\/wp-json\/wp\/v2\/posts\/26146","targetHints":{"allow":["GET"]}}],"collection":[{"href":"https:\/\/www.caths.cz\/wordpress\/wp-json\/wp\/v2\/posts"}],"about":[{"href":"https:\/\/www.caths.cz\/wordpress\/wp-json\/wp\/v2\/types\/post"}],"author":[{"embeddable":true,"href":"https:\/\/www.caths.cz\/wordpress\/wp-json\/wp\/v2\/users\/1"}],"replies":[{"embeddable":true,"href":"https:\/\/www.caths.cz\/wordpress\/wp-json\/wp\/v2\/comments?post=26146"}],"version-history":[{"count":1,"href":"https:\/\/www.caths.cz\/wordpress\/wp-json\/wp\/v2\/posts\/26146\/revisions"}],"predecessor-version":[{"id":26150,"href":"https:\/\/www.caths.cz\/wordpress\/wp-json\/wp\/v2\/posts\/26146\/revisions\/26150"}],"wp:featuredmedia":[{"embeddable":true,"href":"https:\/\/www.caths.cz\/wordpress\/wp-json\/wp\/v2\/media\/26147"}],"wp:attachment":[{"href":"https:\/\/www.caths.cz\/wordpress\/wp-json\/wp\/v2\/media?parent=26146"}],"wp:term":[{"taxonomy":"category","embeddable":true,"href":"https:\/\/www.caths.cz\/wordpress\/wp-json\/wp\/v2\/categories?post=26146"},{"taxonomy":"post_tag","embeddable":true,"href":"https:\/\/www.caths.cz\/wordpress\/wp-json\/wp\/v2\/tags?post=26146"}],"curies":[{"name":"wp","href":"https:\/\/api.w.org\/{rel}","templated":true}]}}