{"id":2587,"date":"2013-10-01T16:45:34","date_gmt":"2013-10-01T15:45:34","guid":{"rendered":"http:\/\/www.caths.cz\/wordpress\/?p=2587"},"modified":"2013-10-01T16:45:34","modified_gmt":"2013-10-01T15:45:34","slug":"cstps-doklady-o-oddluzeni-sve-organizace-nepredlozil","status":"publish","type":"post","link":"https:\/\/www.caths.cz\/wordpress\/cstps-doklady-o-oddluzeni-sve-organizace-nepredlozil\/","title":{"rendered":"\u010cSTPS doklady o oddlu\u017een\u00ed sv\u00e9 organizace nep\u0159edlo\u017eil"},"content":{"rendered":"<p>Jestli\u017ee jste v na\u0161\u00ed anket\u011b vyslovili sv\u016fj optimismus a v\u00edru v ukon\u010den\u00ed sporu ve sportu handicapovan\u00fdch, bohu\u017eel, nem\u011bli jste pravdu. Alespo\u0148 prozat\u00edm\u2026..Jak jsme v\u010dera informovali, do 30.9.2013 m\u011bli z\u00e1stupci \u010cSTPS p\u0159edlo\u017eit materi\u00e1ly, kter\u00e9 nepochybn\u011b dokl\u00e1daj\u00ed skute\u010dnost, \u017ee \u010cSTPS nen\u00ed zat\u00ed\u017eena \u017e\u00e1dn\u00fdm finan\u010dn\u00edm z\u00e1vazkem z minulosti.Toto se ale nestalo, \u010cSTPS m\u00e1 dluhy ve v\u00fd\u0161i 1,7 milionu korun, jak plyne z auditu tohoto svazu. <\/p>\n<p> Co bude n\u00e1sledovat? Je jist\u00e9, \u017ee pro \u010dleny \u010cATHS by bylo nesmyslem vstupovat do organizace, kter\u00e1 je zat\u00ed\u017eena pohled\u00e1vkami ve v\u00fd\u0161i 1,7 milionu korun. M\u00edstop\u0159edseda \u010cATHS Viktor Zapletal v reakci na aktu\u00e1ln\u00ed v\u00fdvoj situace nab\u00eddnul V\u00fdkonn\u00e9mu v\u00fdboru \u010cATHS dv\u011b \u0159e\u0161en\u00ed: <\/p>\n<p> 1) vstup \u010dlen\u016f \u010cSTPS do \u010cATHS, tedy organizace, kter\u00e1 \u017e\u00e1dn\u00e9 nesplacen\u00e9 finan\u010dn\u00ed z\u00e1vazky nem\u00e1 s t\u00edm, \u017ee volba v\u00fdkonn\u00e9ho v\u00fdboru a nov\u00e9ho p\u0159edsedy by prob\u011bhla paritn\u00edm zp\u016fsobem, rovnopr\u00e1vn\u00fdm hlasov\u00e1n\u00edm \u010dlen\u016f obou svaz\u016f a nav\u00edc by \u00favodn\u00ed spole\u010dn\u00e1 VH hlasovala o zm\u011bn\u011b n\u00e1zvu organizace nap\u0159. na \u010cSTPS. <\/p>\n<p> 2) druhou mo\u017enost\u00ed je tzv. Smlouva o sou\u010dinnosti, tedy paraleln\u00ed fungov\u00e1n\u00ed obou svaz\u016f jako doposud, se zast\u0159e\u0161uj\u00edc\u00ed organizac\u00ed a s arbitrem, kter\u00fd by m\u011bl pr\u00e1vo ukon\u010dit p\u0159\u00edpadnou patovou situaci. <br \/> P\u0159edpokladem je, \u017ee arbitrem by byl z\u00e1stupce \u010cPV. Toto mo\u017en\u00e9 \u0159e\u0161en\u00ed ji\u017e bylo odsouhlaseno VH \u010cATHS na zased\u00e1n\u00ed 7.9.2013. <\/p>\n<p> V\u00fdkonn\u00fd v\u00fdbor \u010cATHS na sv\u00e9m mimo\u0159\u00e1dn\u00e9m zased\u00e1n\u00ed dne 1.10.2013 p\u0159ijal v\u00fd\u0161e uveden\u00fd postup a pov\u011b\u0159il m\u00edstop\u0159edsedu \u010cATHS Viktora Zapletala aby o postoji \u010cATHS informoval veden\u00ed \u010cPV a \u010dleny V\u00fdkonn\u00e9ho gr\u00e9mia.<\/p>\n","protected":false},"excerpt":{"rendered":"<a href=\"https:\/\/www.caths.cz\/wordpress\/cstps-doklady-o-oddluzeni-sve-organizace-nepredlozil\/\"><img loading=\"lazy\" decoding=\"async\" width=\"100\" height=\"100\" src=\"https:\/\/www.caths.cz\/wordpress\/wp-content\/plugins\/thumbnail-for-excerpts\/tfe_no_thumb.png\" class=\"alignleft wp-post-image tfe\" alt=\"\" title=\"\" \/><\/a><p>Jestli\u017ee jste v na\u0161\u00ed anket\u011b vyslovili sv\u016fj optimismus a v\u00edru v ukon\u010den\u00ed sporu ve sportu handicapovan\u00fdch, bohu\u017eel, nem\u011bli jste pravdu. Alespo\u0148 prozat\u00edm\u2026..Jak jsme v\u010dera informovali, do 30.9.2013 m\u011bli z\u00e1stupci \u010cSTPS [&hellip;]<\/p>\n","protected":false},"author":1,"featured_media":0,"comment_status":"closed","ping_status":"closed","sticky":false,"template":"","format":"standard","meta":{"ngg_post_thumbnail":0,"footnotes":""},"categories":[1],"tags":[],"class_list":["post-2587","post","type-post","status-publish","format-standard","hentry","category-nezarazene"],"_links":{"self":[{"href":"https:\/\/www.caths.cz\/wordpress\/wp-json\/wp\/v2\/posts\/2587","targetHints":{"allow":["GET"]}}],"collection":[{"href":"https:\/\/www.caths.cz\/wordpress\/wp-json\/wp\/v2\/posts"}],"about":[{"href":"https:\/\/www.caths.cz\/wordpress\/wp-json\/wp\/v2\/types\/post"}],"author":[{"embeddable":true,"href":"https:\/\/www.caths.cz\/wordpress\/wp-json\/wp\/v2\/users\/1"}],"replies":[{"embeddable":true,"href":"https:\/\/www.caths.cz\/wordpress\/wp-json\/wp\/v2\/comments?post=2587"}],"version-history":[{"count":0,"href":"https:\/\/www.caths.cz\/wordpress\/wp-json\/wp\/v2\/posts\/2587\/revisions"}],"wp:attachment":[{"href":"https:\/\/www.caths.cz\/wordpress\/wp-json\/wp\/v2\/media?parent=2587"}],"wp:term":[{"taxonomy":"category","embeddable":true,"href":"https:\/\/www.caths.cz\/wordpress\/wp-json\/wp\/v2\/categories?post=2587"},{"taxonomy":"post_tag","embeddable":true,"href":"https:\/\/www.caths.cz\/wordpress\/wp-json\/wp\/v2\/tags?post=2587"}],"curies":[{"name":"wp","href":"https:\/\/api.w.org\/{rel}","templated":true}]}}