{"id":2586,"date":"2013-09-30T10:41:50","date_gmt":"2013-09-30T09:41:50","guid":{"rendered":"http:\/\/www.caths.cz\/wordpress\/?p=2586"},"modified":"2013-09-30T10:41:50","modified_gmt":"2013-09-30T09:41:50","slug":"splni-cstps-svuj-slib","status":"publish","type":"post","link":"https:\/\/www.caths.cz\/wordpress\/splni-cstps-svuj-slib\/","title":{"rendered":"Spln\u00ed \u010cSTPS sv\u016fj slib?"},"content":{"rendered":"<p>Dne\u0161n\u00ed den, tedy pond\u011bl\u00ed 30.z\u00e1\u0159\u00ed 2013 je posledn\u00edm dnem, kdy veden\u00ed \u010cSTPS m\u016f\u017ee dolo\u017eit sv\u016fj slib, \u017ee organizace od tohoto data nebude zat\u00ed\u017eena \u017e\u00e1dn\u00fdm finan\u010dn\u00edm dluhem.<\/p>\n<p>Dle \u00fa\u010detn\u00edho auditu \u010cSTPS dlu\u017e\u00ed tato organizace r\u016fzn\u00fdm subjekt\u016fm \u010d\u00e1stku ve v\u00fd\u0161i 1,7 milionu korun.<br \/> A pr\u00e1v\u011b tento dluh je patrn\u011b posledn\u00edm probl\u00e9mem pro slou\u010den\u00ed organizac\u00ed \u010cATHS a \u010cSTPS a ukon\u010den\u00ed mnohalet\u00e9ho, nesmysln\u00e9ho sporu. <\/p>\n<p> Podle \u00fastn\u00edch slib\u016f vedouc\u00edch p\u0159edstavitel\u016f \u010cSTPS, kter\u00e9 vyslovili na jedn\u00e1n\u00edch s veden\u00edm \u010cATHS i p\u0159ed \u010dleny V\u00fdkonn\u00e9ho gr\u00e9mia \u010cPV, budou do dne 30.9. 2013 v\u0161echny dlu\u017en\u00e9 \u010d\u00e1stky nezpochybniteln\u011b a uspokojiv\u011b vy\u0159e\u0161eny tak, aby se \u010cSTPS stala organizac\u00ed nezat\u00ed\u017eenou \u017e\u00e1dn\u00fdmi z\u00e1vazky. <br \/> Pokud by se tak stalo, a Valn\u00e1 hromada \u010cATHS projevila souhlas, mohl by n\u00e1sledovat vstup \u010dlen\u016f \u010cATHS do \u010cSTPS s t\u00edm, \u017ee ihned budou realizov\u00e1ny volby do v\u00fdkonn\u00e9ho v\u00fdboru i volba p\u0159edsedy nov\u00e9 organizace. <br \/> To v\u0161e paritn\u00edm zp\u016fsobem, tedy tak aby \u010dlenov\u00e9 \u010cATHS i \u010cSTPS m\u011bli rovnocenn\u00e9 hlasovac\u00ed pr\u00e1vo. <\/p>\n<p> Tak co mysl\u00edte, spln\u00ed veden\u00ed \u010cSTPS sv\u00e9 sliby? <br \/> Odpov\u011b\u010f V\u00e1m p\u0159ineseme u\u017e z\u00edtra&#8230; <br \/> Sledujte budoucnost sportu t\u011blesn\u011b posti\u017een\u00fdch na <a href=\"http:\/\/www.caths.cz\/index.php?page=uvod\">www.caths.cz<\/a>! <\/p>\n<p> <img decoding=\"async\" src=\"\/wordpress\/image\/sekretarky\/20130930_095118.jpg\"><\/p>\n","protected":false},"excerpt":{"rendered":"<a href=\"https:\/\/www.caths.cz\/wordpress\/splni-cstps-svuj-slib\/\"><img loading=\"lazy\" decoding=\"async\" width=\"100\" height=\"100\" src=\"https:\/\/www.caths.cz\/wordpress\/wp-content\/plugins\/thumbnail-for-excerpts\/tfe_no_thumb.png\" class=\"alignleft wp-post-image tfe\" alt=\"\" title=\"\" \/><\/a><p>Dne\u0161n\u00ed den, tedy pond\u011bl\u00ed 30.z\u00e1\u0159\u00ed 2013 je posledn\u00edm dnem, kdy veden\u00ed \u010cSTPS m\u016f\u017ee dolo\u017eit sv\u016fj slib, \u017ee organizace od tohoto data nebude zat\u00ed\u017eena \u017e\u00e1dn\u00fdm finan\u010dn\u00edm dluhem. Dle \u00fa\u010detn\u00edho auditu \u010cSTPS [&hellip;]<\/p>\n","protected":false},"author":1,"featured_media":0,"comment_status":"closed","ping_status":"closed","sticky":false,"template":"","format":"standard","meta":{"ngg_post_thumbnail":0,"footnotes":""},"categories":[1],"tags":[],"class_list":["post-2586","post","type-post","status-publish","format-standard","hentry","category-nezarazene"],"_links":{"self":[{"href":"https:\/\/www.caths.cz\/wordpress\/wp-json\/wp\/v2\/posts\/2586","targetHints":{"allow":["GET"]}}],"collection":[{"href":"https:\/\/www.caths.cz\/wordpress\/wp-json\/wp\/v2\/posts"}],"about":[{"href":"https:\/\/www.caths.cz\/wordpress\/wp-json\/wp\/v2\/types\/post"}],"author":[{"embeddable":true,"href":"https:\/\/www.caths.cz\/wordpress\/wp-json\/wp\/v2\/users\/1"}],"replies":[{"embeddable":true,"href":"https:\/\/www.caths.cz\/wordpress\/wp-json\/wp\/v2\/comments?post=2586"}],"version-history":[{"count":0,"href":"https:\/\/www.caths.cz\/wordpress\/wp-json\/wp\/v2\/posts\/2586\/revisions"}],"wp:attachment":[{"href":"https:\/\/www.caths.cz\/wordpress\/wp-json\/wp\/v2\/media?parent=2586"}],"wp:term":[{"taxonomy":"category","embeddable":true,"href":"https:\/\/www.caths.cz\/wordpress\/wp-json\/wp\/v2\/categories?post=2586"},{"taxonomy":"post_tag","embeddable":true,"href":"https:\/\/www.caths.cz\/wordpress\/wp-json\/wp\/v2\/tags?post=2586"}],"curies":[{"name":"wp","href":"https:\/\/api.w.org\/{rel}","templated":true}]}}