{"id":2585,"date":"2013-09-27T08:42:33","date_gmt":"2013-09-27T07:42:33","guid":{"rendered":"http:\/\/www.caths.cz\/wordpress\/?p=2585"},"modified":"2013-09-27T08:42:33","modified_gmt":"2013-09-27T07:42:33","slug":"sledujte-sobotni-hyde-park-civilizace-na-ct-24","status":"publish","type":"post","link":"https:\/\/www.caths.cz\/wordpress\/sledujte-sobotni-hyde-park-civilizace-na-ct-24\/","title":{"rendered":"Sledujte sobotn\u00ed Hyde Park civilizace na \u010cT 24!"},"content":{"rendered":"<p>Velmi zaj\u00edmav\u00fd bude sobotn\u00ed diskusn\u00ed po\u0159ad Hyde Park civilizace, tentokr\u00e1t s nej\u00fasp\u011b\u0161n\u011bj\u0161\u00edm cyklistou sv\u011bta Ji\u0159\u00edm Je\u017ekem a nevidom\u00fdm horolezcem Janem \u0158\u00edhou na magick\u00e9 t\u00e9ma: Hranice lidsk\u00fdch mo\u017enost\u00ed.Sv\u00e9 ot\u00e1zky Jirkovi m\u016f\u017eete pos\u00edlat prost\u0159ednictv\u00edm internetov\u00fdch str\u00e1nek Hyde Park: <a href=\"http:\/\/www.ceskatelevize.cz\/specialy\/hydepark-civilizace\">www.ceskatelevize.cz\/specialy\/hydepark-civilizace<\/a> <\/p>\n<p> Rozhodn\u011b si nenechte uj\u00edt\u2026 Po\u0159ad za\u010d\u00edn\u00e1 ve 20:05 hodin na \u010cT 24. <\/p>\n<p> Fotografie Soni Je\u017ekov\u00e9 zachycuje televizn\u00ed \u0161t\u00e1b, kter\u00fd dnes, v motolsk\u00e9 hale, nat\u00e1\u010del doprovodn\u00fd profil Ji\u0159\u00edho Je\u017eka k tomuto po\u0159adu. <\/p>\n<p> <img decoding=\"async\" src=\"\/wordpress\/image\/sekretarky\/cyklistika\/draha_motol_ct.JPG\"><\/p>\n","protected":false},"excerpt":{"rendered":"<a href=\"https:\/\/www.caths.cz\/wordpress\/sledujte-sobotni-hyde-park-civilizace-na-ct-24\/\"><img loading=\"lazy\" decoding=\"async\" width=\"100\" height=\"100\" src=\"https:\/\/www.caths.cz\/wordpress\/wp-content\/plugins\/thumbnail-for-excerpts\/tfe_no_thumb.png\" class=\"alignleft wp-post-image tfe\" alt=\"\" title=\"\" \/><\/a><p>Velmi zaj\u00edmav\u00fd bude sobotn\u00ed diskusn\u00ed po\u0159ad Hyde Park civilizace, tentokr\u00e1t s nej\u00fasp\u011b\u0161n\u011bj\u0161\u00edm cyklistou sv\u011bta Ji\u0159\u00edm Je\u017ekem a nevidom\u00fdm horolezcem Janem \u0158\u00edhou na magick\u00e9 t\u00e9ma: Hranice lidsk\u00fdch mo\u017enost\u00ed.Sv\u00e9 ot\u00e1zky Jirkovi m\u016f\u017eete [&hellip;]<\/p>\n","protected":false},"author":1,"featured_media":0,"comment_status":"closed","ping_status":"closed","sticky":false,"template":"","format":"standard","meta":{"ngg_post_thumbnail":0,"footnotes":""},"categories":[6],"tags":[],"class_list":["post-2585","post","type-post","status-publish","format-standard","hentry","category-caths-info"],"_links":{"self":[{"href":"https:\/\/www.caths.cz\/wordpress\/wp-json\/wp\/v2\/posts\/2585","targetHints":{"allow":["GET"]}}],"collection":[{"href":"https:\/\/www.caths.cz\/wordpress\/wp-json\/wp\/v2\/posts"}],"about":[{"href":"https:\/\/www.caths.cz\/wordpress\/wp-json\/wp\/v2\/types\/post"}],"author":[{"embeddable":true,"href":"https:\/\/www.caths.cz\/wordpress\/wp-json\/wp\/v2\/users\/1"}],"replies":[{"embeddable":true,"href":"https:\/\/www.caths.cz\/wordpress\/wp-json\/wp\/v2\/comments?post=2585"}],"version-history":[{"count":0,"href":"https:\/\/www.caths.cz\/wordpress\/wp-json\/wp\/v2\/posts\/2585\/revisions"}],"wp:attachment":[{"href":"https:\/\/www.caths.cz\/wordpress\/wp-json\/wp\/v2\/media?parent=2585"}],"wp:term":[{"taxonomy":"category","embeddable":true,"href":"https:\/\/www.caths.cz\/wordpress\/wp-json\/wp\/v2\/categories?post=2585"},{"taxonomy":"post_tag","embeddable":true,"href":"https:\/\/www.caths.cz\/wordpress\/wp-json\/wp\/v2\/tags?post=2585"}],"curies":[{"name":"wp","href":"https:\/\/api.w.org\/{rel}","templated":true}]}}