{"id":2584,"date":"2013-09-26T16:02:26","date_gmt":"2013-09-26T15:02:26","guid":{"rendered":"http:\/\/www.caths.cz\/wordpress\/?p=2584"},"modified":"2013-09-26T16:02:26","modified_gmt":"2013-09-26T15:02:26","slug":"vitezem-ceskeho-poharu-caths-2013-ve-sportovni-pistoli-se-stal-vladimir-marcan-a-ve-vzduchove-pistoli-roman-gronsky","status":"publish","type":"post","link":"https:\/\/www.caths.cz\/wordpress\/vitezem-ceskeho-poharu-caths-2013-ve-sportovni-pistoli-se-stal-vladimir-marcan-a-ve-vzduchove-pistoli-roman-gronsky\/","title":{"rendered":"V\u00edt\u011bzem \u010cesk\u00e9ho poh\u00e1ru \u010cATHS 2013 ve sportovn\u00ed pistoli se stal Vladim\u00edr Mar\u010dan a ve vzduchov\u00e9 pistoli Roman Gronsk\u00fd."},"content":{"rendered":"<p>V sobotu 21. 9. p\u0159iv\u00edtala Olomouc \u00fa\u010dastn\u00edky fin\u00e1lov\u00e9ho kola \u010cesk\u00e9ho poh\u00e1ru 2013 ve sportovn\u00ed st\u0159elb\u011b. V rann\u00ed sout\u011b\u017ei za nep\u0159\u00edli\u0161 p\u0159\u00edzniv\u00fdch pov\u011btrnostn\u00edch podm\u00ednek v discipl\u00edn\u011b P3\/sportovn\u00ed pistole 30+30 ran na 25 metr\u016f zv\u00edt\u011bzil  v\u00fdsledkem v Mistrovsk\u00e9 v\u00fdkonnostn\u00ed t\u0159\u00edd\u011b Vladim\u00edr Mar\u010dan p\u0159ed druh\u00fdm Romanem Gronsk\u00fdm a t\u0159et\u00edm Franti\u0161kem Kone\u010dn\u00fdm. Po se\u010dten\u00ed bod\u016f z nejlep\u0161\u00edho kola a fin\u00e1le v t\u00e9to discipl\u00edn\u011b z\u00edskal Vladim\u00edr Mar\u010dan Titul V\u00edt\u011bz \u010cesk\u00e9ho poh\u00e1ru, 2. m\u00edsto obsadil Roman Gronsk\u00fd a 3. m\u00edsto Franti\u0161ek Kone\u010dn\u00fd. <\/p>\n<p> Odpoledne pokra\u010dovalo Fin\u00e1le \u010cP discipl\u00ednou P1\/vzduchov\u00e1 pistole 60 ran na 10 metr\u016f, kterou vyhr\u00e1l Roman Gronsk\u00fd, 2. m\u00edsto obsadil Vladim\u00edr Mar\u010dan a 3. m\u00edsto si vyst\u0159\u00edlel Franti\u0161ek Kone\u010dn\u00fd. Po se\u010dten\u00ed bod\u016f z nejlep\u0161\u00edho kola a fin\u00e1le v t\u00e9to discipl\u00edn\u011b se stal celkov\u00fdm v\u00edt\u011bzem Roman Gronsk\u00fd, 2. m\u00edsto z\u00edskal Vladim\u00edr Mar\u010dan a 3. m\u00edsto obsadil Miroslav Krystyn\u00edk. <\/p>\n<p> <img decoding=\"async\" src=\"\/wordpress\/image\/sekretarky\/strelba\/cp 2013\/001.JPG\"> <\/p>\n<p> <img decoding=\"async\" src=\"\/wordpress\/image\/sekretarky\/strelba\/cp 2013\/002.JPG\"> <\/p>\n","protected":false},"excerpt":{"rendered":"<a href=\"https:\/\/www.caths.cz\/wordpress\/vitezem-ceskeho-poharu-caths-2013-ve-sportovni-pistoli-se-stal-vladimir-marcan-a-ve-vzduchove-pistoli-roman-gronsky\/\"><img loading=\"lazy\" decoding=\"async\" width=\"100\" height=\"100\" src=\"https:\/\/www.caths.cz\/wordpress\/wp-content\/plugins\/thumbnail-for-excerpts\/tfe_no_thumb.png\" class=\"alignleft wp-post-image tfe\" alt=\"\" title=\"\" \/><\/a><p>V sobotu 21. 9. p\u0159iv\u00edtala Olomouc \u00fa\u010dastn\u00edky fin\u00e1lov\u00e9ho kola \u010cesk\u00e9ho poh\u00e1ru 2013 ve sportovn\u00ed st\u0159elb\u011b. V rann\u00ed sout\u011b\u017ei za nep\u0159\u00edli\u0161 p\u0159\u00edzniv\u00fdch pov\u011btrnostn\u00edch podm\u00ednek v discipl\u00edn\u011b P3\/sportovn\u00ed pistole 30+30 ran na [&hellip;]<\/p>\n","protected":false},"author":1,"featured_media":0,"comment_status":"closed","ping_status":"closed","sticky":false,"template":"","format":"standard","meta":{"ngg_post_thumbnail":0,"footnotes":""},"categories":[18],"tags":[],"class_list":["post-2584","post","type-post","status-publish","format-standard","hentry","category-strelba"],"_links":{"self":[{"href":"https:\/\/www.caths.cz\/wordpress\/wp-json\/wp\/v2\/posts\/2584","targetHints":{"allow":["GET"]}}],"collection":[{"href":"https:\/\/www.caths.cz\/wordpress\/wp-json\/wp\/v2\/posts"}],"about":[{"href":"https:\/\/www.caths.cz\/wordpress\/wp-json\/wp\/v2\/types\/post"}],"author":[{"embeddable":true,"href":"https:\/\/www.caths.cz\/wordpress\/wp-json\/wp\/v2\/users\/1"}],"replies":[{"embeddable":true,"href":"https:\/\/www.caths.cz\/wordpress\/wp-json\/wp\/v2\/comments?post=2584"}],"version-history":[{"count":0,"href":"https:\/\/www.caths.cz\/wordpress\/wp-json\/wp\/v2\/posts\/2584\/revisions"}],"wp:attachment":[{"href":"https:\/\/www.caths.cz\/wordpress\/wp-json\/wp\/v2\/media?parent=2584"}],"wp:term":[{"taxonomy":"category","embeddable":true,"href":"https:\/\/www.caths.cz\/wordpress\/wp-json\/wp\/v2\/categories?post=2584"},{"taxonomy":"post_tag","embeddable":true,"href":"https:\/\/www.caths.cz\/wordpress\/wp-json\/wp\/v2\/tags?post=2584"}],"curies":[{"name":"wp","href":"https:\/\/api.w.org\/{rel}","templated":true}]}}