{"id":2583,"date":"2013-09-23T19:41:21","date_gmt":"2013-09-23T18:41:21","guid":{"rendered":"http:\/\/www.caths.cz\/wordpress\/?p=2583"},"modified":"2013-09-23T19:41:21","modified_gmt":"2013-09-23T18:41:21","slug":"prazsky-strahov-obsadili-silnicni-cykliste","status":"publish","type":"post","link":"https:\/\/www.caths.cz\/wordpress\/prazsky-strahov-obsadili-silnicni-cykliste\/","title":{"rendered":"Pra\u017esk\u00fd Strahov obsadili silni\u010dn\u00ed cyklist\u00e9"},"content":{"rendered":"<p>T\u00e9m\u011b\u0159 350 cyklist\u016f v\u0161ech v\u00fdkonnostn\u00edch kategori\u00ed se v uplynul\u00e9m v\u00edkendu \u00fa\u010dastnilo fin\u00e1lov\u00fdch z\u00e1vod\u016f \u010cesk\u00e9ho poh\u00e1ru ml\u00e1de\u017ee a \u017een, \u010cesk\u00e9ho poh\u00e1ru handbike, Evropsk\u00e9ho poh\u00e1ru handicapovan\u00fdch cyklist\u016f a GO! \u010cesk\u00e9ho poh\u00e1ru Elite \u2013 Memori\u00e1lu Ev\u017eena Cihl\u00e1\u0159e v silni\u010dn\u00ed cyklistice.<\/p>\n<p><img decoding=\"async\" src=\"\/wordpress\/image\/sekretarky\/cyklistika\/EP2013\/tiskovka_forto\/563567_10152711524522316_1941349731_n.jpg\"> <\/p>\n<p> Po\u0159adatel\u00e9 z\u00e1vodu d\u016fsledn\u011b dbaj\u00ed na vysoce integra\u010dn\u00ed charakter cel\u00e9 sportovn\u00ed akce. Spojen\u00edm vrcholn\u00e9 tuzemsk\u00e9 sout\u011b\u017ee pro ml\u00e1de\u017e i Elitn\u00ed kategorii mu\u017e\u016f a \u017een s fin\u00e1lov\u00fdm z\u00e1vodem Evropsk\u00e9ho poh\u00e1ru handicapovan\u00fdch cyklist\u016f vzniknul sportovn\u00ed podnik, kter\u00fd se \u0159ad\u00ed k nejv\u011bt\u0161\u00edm integra\u010dn\u00edm projekt\u016fm v\u00fdkonnostn\u00edho sportu v Evrop\u011b.<\/p>\n<p> <img decoding=\"async\" src=\"\/wordpress\/image\/sekretarky\/cyklistika\/EP2013\/tiskovka_forto\/ecp2013nedele 573.JPG\"> <\/p>\n<p> <img decoding=\"async\" src=\"\/wordpress\/image\/sekretarky\/cyklistika\/EP2013\/tiskovka_forto\/ecp2013sobota 039.JPG\"> <\/p>\n<p> Pestr\u00fd a atraktivn\u00ed z\u00e1vodn\u00ed program, ve kter\u00e9m se rozd\u011blovaly ceny pro celkem 26 kategori\u00ed cyklist\u016f, sledovalo mno\u017estv\u00ed div\u00e1k\u016f, v\u010detn\u011b osobnost\u00ed \u010desk\u00e9 cyklistiky \u2013 tren\u00e9r\u016f Jaroslava Cihl\u00e1\u0159e a Pavla Vr\u0161eck\u00e9ho, kte\u0159\u00ed tak\u00e9 spole\u010dn\u011b s \u0159editelem ASC Dukla Praha Jaroslavem Pri\u0161\u010d\u00e1kem dekorovali v\u00edt\u011bze kategorie junior\u016f a mu\u017e\u016f. <\/p>\n<p> <img decoding=\"async\" src=\"\/wordpress\/image\/sekretarky\/cyklistika\/EP2013\/tiskovka_forto\/ecp2013nedele 1058.JPG\"> <\/p>\n<p> V\u00fdsledky z\u00e1vod\u016f:<br \/> <span style=\"text-decoration: underline;\"><a href=\"http:\/\/www.championchip.cz\/new\/vysledky.php\">http:\/\/www.championchip.cz\/new\/vysledky.php<\/a><\/span> <\/p>\n<p> Fotogalerie z\u00e1vod\u016f bude zve\u0159ejn\u011bna na <a href=\"http:\/\/www.skcpraha.cz\">www.skcpraha.cz<\/a> a <a href=\"http:\/\/www.caths.cz\">www.caths.cz<\/a> <\/p>\n<p> <img decoding=\"async\" src=\"\/wordpress\/image\/sekretarky\/cyklistika\/EP2013\/tiskovka_forto\/ecp2013nedele 1578.JPG\"> <\/p>\n<p> <img decoding=\"async\" src=\"\/wordpress\/image\/sekretarky\/cyklistika\/EP2013\/tiskovka_forto\/923405_10201410102928758_1197051279_n.jpg\"> <\/p>\n","protected":false},"excerpt":{"rendered":"<a href=\"https:\/\/www.caths.cz\/wordpress\/prazsky-strahov-obsadili-silnicni-cykliste\/\"><img loading=\"lazy\" decoding=\"async\" width=\"100\" height=\"100\" src=\"https:\/\/www.caths.cz\/wordpress\/wp-content\/plugins\/thumbnail-for-excerpts\/tfe_no_thumb.png\" class=\"alignleft wp-post-image tfe\" alt=\"\" title=\"\" \/><\/a><p>T\u00e9m\u011b\u0159 350 cyklist\u016f v\u0161ech v\u00fdkonnostn\u00edch kategori\u00ed se v uplynul\u00e9m v\u00edkendu \u00fa\u010dastnilo fin\u00e1lov\u00fdch z\u00e1vod\u016f \u010cesk\u00e9ho poh\u00e1ru ml\u00e1de\u017ee a \u017een, \u010cesk\u00e9ho poh\u00e1ru handbike, Evropsk\u00e9ho poh\u00e1ru handicapovan\u00fdch cyklist\u016f a GO! \u010cesk\u00e9ho poh\u00e1ru Elite [&hellip;]<\/p>\n","protected":false},"author":1,"featured_media":0,"comment_status":"closed","ping_status":"closed","sticky":false,"template":"","format":"standard","meta":{"ngg_post_thumbnail":0,"footnotes":""},"categories":[2],"tags":[],"class_list":["post-2583","post","type-post","status-publish","format-standard","hentry","category-cyklistika"],"_links":{"self":[{"href":"https:\/\/www.caths.cz\/wordpress\/wp-json\/wp\/v2\/posts\/2583","targetHints":{"allow":["GET"]}}],"collection":[{"href":"https:\/\/www.caths.cz\/wordpress\/wp-json\/wp\/v2\/posts"}],"about":[{"href":"https:\/\/www.caths.cz\/wordpress\/wp-json\/wp\/v2\/types\/post"}],"author":[{"embeddable":true,"href":"https:\/\/www.caths.cz\/wordpress\/wp-json\/wp\/v2\/users\/1"}],"replies":[{"embeddable":true,"href":"https:\/\/www.caths.cz\/wordpress\/wp-json\/wp\/v2\/comments?post=2583"}],"version-history":[{"count":0,"href":"https:\/\/www.caths.cz\/wordpress\/wp-json\/wp\/v2\/posts\/2583\/revisions"}],"wp:attachment":[{"href":"https:\/\/www.caths.cz\/wordpress\/wp-json\/wp\/v2\/media?parent=2583"}],"wp:term":[{"taxonomy":"category","embeddable":true,"href":"https:\/\/www.caths.cz\/wordpress\/wp-json\/wp\/v2\/categories?post=2583"},{"taxonomy":"post_tag","embeddable":true,"href":"https:\/\/www.caths.cz\/wordpress\/wp-json\/wp\/v2\/tags?post=2583"}],"curies":[{"name":"wp","href":"https:\/\/api.w.org\/{rel}","templated":true}]}}