{"id":2581,"date":"2013-09-19T10:58:50","date_gmt":"2013-09-19T09:58:50","guid":{"rendered":"http:\/\/www.caths.cz\/wordpress\/?p=2581"},"modified":"2013-09-19T10:58:50","modified_gmt":"2013-09-19T09:58:50","slug":"prazsky-strahov-se-pripravuje-na-velke-cyklisticke-finale","status":"publish","type":"post","link":"https:\/\/www.caths.cz\/wordpress\/prazsky-strahov-se-pripravuje-na-velke-cyklisticke-finale\/","title":{"rendered":"Pra\u017esk\u00fd Strahov se p\u0159ipravuje na velk\u00e9 cyklistick\u00e9 fin\u00e1le"},"content":{"rendered":"<p>Atraktivn\u00ed a \u010dlenit\u00fd okruh v Praze na Strahov\u011b bude o tomto v\u00edkendu d\u011bji\u0161t\u011bm velk\u00e9ho cyklistick\u00e9ho fin\u00e1le. Ve dvou dnech se zde toti\u017e uskute\u010dn\u00ed fin\u00e1lov\u00fd z\u00e1vod \u010cesk\u00e9ho poh\u00e1ru ml\u00e1de\u017ee a \u017een, fin\u00e1lov\u00fd z\u00e1vod \u010cesk\u00e9ho poh\u00e1ru handbike, d\u00e1le pak fin\u00e1lov\u00fd z\u00e1vod Evropsk\u00e9ho poh\u00e1ru handicapovan\u00fdch cyklist\u016f a vyvrcholen\u00edm bude fin\u00e1lov\u00fd z\u00e1vod \u010cesk\u00e9ho poh\u00e1ru kategorie mu\u017e\u016f Elite, kter\u00fd se pojede jako Memori\u00e1l Ev\u017eena Cihl\u00e1\u0159e.<\/p>\n<p>Na Strahov\u011b se tak uskute\u010dn\u00ed v\u00fdznamn\u00e1 akce nejenom z pohledu sportovn\u00edho, ale i spole\u010densk\u00e9ho a p\u0159edev\u0161\u00edm integra\u010dn\u00edho. Evropsk\u00e9ho poh\u00e1ru handicapovan\u00fdch cyklist\u016f se \u00fa\u010dastn\u00ed v\u00fdpravy z jeden\u00e1cti zem\u00ed Evropy. <\/p>\n<p> Na Strahov\u011b uvid\u00edme z\u00e1vodit celou \u0159adu slavn\u00fdch jmen. Svou \u00fa\u010dast potvrdil \u0161estin\u00e1sobn\u00fd paralympijsk\u00fd v\u00edt\u011bz a mistr sv\u011bta Ji\u0159\u00ed Je\u017eek. V juniorsk\u00fdch kategori\u00edch bude jist\u011b zaj\u00edmav\u00e9 sledovat souboje mlad\u00fdch silni\u010d\u00e1\u0159\u016f s \u010deskou bikovou \u0161pi\u010dkou. Do z\u00e1vodu toti\u017e nastoup\u00ed na\u0161i sv\u011btov\u011b \u00fasp\u011b\u0161n\u00ed bike\u0159i, Jan Vastl a Jan Rajchart. <\/p>\n<p> Memori\u00e1l Ev\u017eena Cihl\u00e1\u0159e m\u016f\u017eete sledovat v p\u0159\u00edm\u00e9m p\u0159enosu na www.ceskysvazcyklistiky.cz <\/p>\n<p> <img decoding=\"async\" src=\"\/wordpress\/image\/sekretarky\/cyklistika\/EP2013\/ecp2012sobota_890.JPG\"> <\/p>\n<p> <img decoding=\"async\" src=\"\/wordpress\/image\/sekretarky\/cyklistika\/EP2013\/20130917_102650.jpg\"> <\/p>\n","protected":false},"excerpt":{"rendered":"<a href=\"https:\/\/www.caths.cz\/wordpress\/prazsky-strahov-se-pripravuje-na-velke-cyklisticke-finale\/\"><img loading=\"lazy\" decoding=\"async\" width=\"100\" height=\"100\" src=\"https:\/\/www.caths.cz\/wordpress\/wp-content\/plugins\/thumbnail-for-excerpts\/tfe_no_thumb.png\" class=\"alignleft wp-post-image tfe\" alt=\"\" title=\"\" \/><\/a><p>Atraktivn\u00ed a \u010dlenit\u00fd okruh v Praze na Strahov\u011b bude o tomto v\u00edkendu d\u011bji\u0161t\u011bm velk\u00e9ho cyklistick\u00e9ho fin\u00e1le. Ve dvou dnech se zde toti\u017e uskute\u010dn\u00ed fin\u00e1lov\u00fd z\u00e1vod \u010cesk\u00e9ho poh\u00e1ru ml\u00e1de\u017ee a \u017een, [&hellip;]<\/p>\n","protected":false},"author":1,"featured_media":0,"comment_status":"closed","ping_status":"closed","sticky":false,"template":"","format":"standard","meta":{"ngg_post_thumbnail":0,"footnotes":""},"categories":[2],"tags":[],"class_list":["post-2581","post","type-post","status-publish","format-standard","hentry","category-cyklistika"],"_links":{"self":[{"href":"https:\/\/www.caths.cz\/wordpress\/wp-json\/wp\/v2\/posts\/2581","targetHints":{"allow":["GET"]}}],"collection":[{"href":"https:\/\/www.caths.cz\/wordpress\/wp-json\/wp\/v2\/posts"}],"about":[{"href":"https:\/\/www.caths.cz\/wordpress\/wp-json\/wp\/v2\/types\/post"}],"author":[{"embeddable":true,"href":"https:\/\/www.caths.cz\/wordpress\/wp-json\/wp\/v2\/users\/1"}],"replies":[{"embeddable":true,"href":"https:\/\/www.caths.cz\/wordpress\/wp-json\/wp\/v2\/comments?post=2581"}],"version-history":[{"count":0,"href":"https:\/\/www.caths.cz\/wordpress\/wp-json\/wp\/v2\/posts\/2581\/revisions"}],"wp:attachment":[{"href":"https:\/\/www.caths.cz\/wordpress\/wp-json\/wp\/v2\/media?parent=2581"}],"wp:term":[{"taxonomy":"category","embeddable":true,"href":"https:\/\/www.caths.cz\/wordpress\/wp-json\/wp\/v2\/categories?post=2581"},{"taxonomy":"post_tag","embeddable":true,"href":"https:\/\/www.caths.cz\/wordpress\/wp-json\/wp\/v2\/tags?post=2581"}],"curies":[{"name":"wp","href":"https:\/\/api.w.org\/{rel}","templated":true}]}}