{"id":2579,"date":"2013-09-13T08:47:37","date_gmt":"2013-09-13T07:47:37","guid":{"rendered":"http:\/\/www.caths.cz\/wordpress\/?p=2579"},"modified":"2013-09-13T08:47:37","modified_gmt":"2013-09-13T07:47:37","slug":"anketni-otazka-verite-v-ukonceni-sporu-ve-sportu-tp","status":"publish","type":"post","link":"https:\/\/www.caths.cz\/wordpress\/anketni-otazka-verite-v-ukonceni-sporu-ve-sportu-tp\/","title":{"rendered":"Anketn\u00ed ot\u00e1zka \u2013 v\u011b\u0159\u00edte v ukon\u010den\u00ed sporu ve sportu TP?"},"content":{"rendered":"<p align=\"justify\">\nPro mnoh\u00e9 nemo\u017en\u00e9 se m\u016f\u017ee st\u00e1t v bl\u00edzk\u00e9 dob\u011b skute\u010dnost\u00ed \u2013 r\u00fdsuje se mo\u017en\u00e1 dohoda mezi svazy zastupuj\u00edc\u00edmi sport t\u011blesn\u011b posti\u017een\u00fdch v \u010cesk\u00e9 republice a t\u00e9m\u011b\u0159 desetilet\u00fd spor v \u010desk\u00e9m paralympionismu by tak byl ukon\u010den.\n<\/p>\n<p align=\"justify\"> \u010cesk\u00fd spor ve sportu handicapovan\u00fdch je neuv\u011b\u0159iteln\u00e1 z\u00e1le\u017eitost, kter\u00e1 dle v\u011bt\u0161iny sv\u011bdk\u016f vznikla je\u0161itnost\u00ed dvou funkcion\u00e1\u0159\u016f, st\u00e1la miliony a stala se p\u0159\u00ed\u010dinou mnoha nesmyslnost\u00ed, nespravedlivost\u00ed, k\u0159ivd a v\u00fdrazn\u011b pozastavila a zpomalila rozvoj sportu handicapovan\u00fdch v \u010cesk\u00e9 republice. <br \/> Nyn\u00ed se velmi k\u0159ehce rod\u00ed mo\u017en\u00e9 ukon\u010den\u00ed tohoto sporu. <br \/> Co mysl\u00edte, poda\u0159\u00ed se?! <\/p>\n<p><strong> Hlasujete ANO nebo NE v nov\u00e9 anket\u011b na\u0161eho webu. <\/strong> <\/p>\n","protected":false},"excerpt":{"rendered":"<a href=\"https:\/\/www.caths.cz\/wordpress\/anketni-otazka-verite-v-ukonceni-sporu-ve-sportu-tp\/\"><img loading=\"lazy\" decoding=\"async\" width=\"100\" height=\"100\" src=\"https:\/\/www.caths.cz\/wordpress\/wp-content\/plugins\/thumbnail-for-excerpts\/tfe_no_thumb.png\" class=\"alignleft wp-post-image tfe\" alt=\"\" title=\"\" \/><\/a><p>Pro mnoh\u00e9 nemo\u017en\u00e9 se m\u016f\u017ee st\u00e1t v bl\u00edzk\u00e9 dob\u011b skute\u010dnost\u00ed \u2013 r\u00fdsuje se mo\u017en\u00e1 dohoda mezi svazy zastupuj\u00edc\u00edmi sport t\u011blesn\u011b posti\u017een\u00fdch v \u010cesk\u00e9 republice a t\u00e9m\u011b\u0159 desetilet\u00fd spor v \u010desk\u00e9m [&hellip;]<\/p>\n","protected":false},"author":1,"featured_media":0,"comment_status":"closed","ping_status":"closed","sticky":false,"template":"","format":"standard","meta":{"ngg_post_thumbnail":0,"footnotes":""},"categories":[39],"tags":[],"class_list":["post-2579","post","type-post","status-publish","format-standard","hentry","category-caths-anketa"],"_links":{"self":[{"href":"https:\/\/www.caths.cz\/wordpress\/wp-json\/wp\/v2\/posts\/2579","targetHints":{"allow":["GET"]}}],"collection":[{"href":"https:\/\/www.caths.cz\/wordpress\/wp-json\/wp\/v2\/posts"}],"about":[{"href":"https:\/\/www.caths.cz\/wordpress\/wp-json\/wp\/v2\/types\/post"}],"author":[{"embeddable":true,"href":"https:\/\/www.caths.cz\/wordpress\/wp-json\/wp\/v2\/users\/1"}],"replies":[{"embeddable":true,"href":"https:\/\/www.caths.cz\/wordpress\/wp-json\/wp\/v2\/comments?post=2579"}],"version-history":[{"count":0,"href":"https:\/\/www.caths.cz\/wordpress\/wp-json\/wp\/v2\/posts\/2579\/revisions"}],"wp:attachment":[{"href":"https:\/\/www.caths.cz\/wordpress\/wp-json\/wp\/v2\/media?parent=2579"}],"wp:term":[{"taxonomy":"category","embeddable":true,"href":"https:\/\/www.caths.cz\/wordpress\/wp-json\/wp\/v2\/categories?post=2579"},{"taxonomy":"post_tag","embeddable":true,"href":"https:\/\/www.caths.cz\/wordpress\/wp-json\/wp\/v2\/tags?post=2579"}],"curies":[{"name":"wp","href":"https:\/\/api.w.org\/{rel}","templated":true}]}}