{"id":25785,"date":"2018-03-26T09:58:38","date_gmt":"2018-03-26T08:58:38","guid":{"rendered":"http:\/\/www.caths.cz\/wordpress\/?p=25785"},"modified":"2018-03-26T09:58:38","modified_gmt":"2018-03-26T08:58:38","slug":"koblasa-osmy-na-svete-ve-scratchi","status":"publish","type":"post","link":"https:\/\/www.caths.cz\/wordpress\/koblasa-osmy-na-svete-ve-scratchi\/","title":{"rendered":"Koblasa osm\u00fd na sv\u011bt\u011b ve scratchi"},"content":{"rendered":"<p>Osm\u00e9 m\u00edsto ve scratchi spojen\u00fdch kategori\u00ed C1, C2, C3 vybojoval handicapovan\u00fd reprezentant \u010cesk\u00e9 republiky Ivo Koblasa.<\/p>\n<p>V\u00a0dramatick\u00e9m z\u00e1vod\u011b, jeho\u017e rychlostn\u00ed pr\u016fm\u011br byl 47,41 km si mlad\u00fd z\u00e1vodn\u00edk Favoritu Brno a \u010cesk\u00e9 asociace t\u011blesn\u011b handicapovan\u00fdch cyklist\u016f po\u010d\u00ednal velmi dob\u0159e a po osm\u00e9m m\u00edst\u011b ze st\u00edhac\u00edho z\u00e1vodu a des\u00e1t\u00e9 p\u0159\u00ed\u010dce ze\u00a0z\u00e1vodu na 1 km mu n\u00e1le\u017e\u00ed dal\u0161\u00ed um\u00edst\u011bn\u00ed v\u00a0presti\u017en\u00ed sv\u011btov\u00e9 des\u00edtce.<\/p>\n<p>Foto: Luk\u00e1\u0161 Thun<\/p>\n<p><a href=\"http:\/\/www.caths.cz\/wordpress\/wp-content\/uploads\/2018\/03\/23.03.2018_Paracycling_FM_0037-XL.jpg\"><img loading=\"lazy\" decoding=\"async\" class=\"alignnone size-large wp-image-25786\" src=\"http:\/\/www.caths.cz\/wordpress\/wp-content\/uploads\/2018\/03\/23.03.2018_Paracycling_FM_0037-XL-1024x692.jpg\" alt=\"23.03.2018_Paracycling_FM_0037-XL\" width=\"600\" height=\"405\" srcset=\"https:\/\/www.caths.cz\/wordpress\/wp-content\/uploads\/2018\/03\/23.03.2018_Paracycling_FM_0037-XL.jpg 1024w, https:\/\/www.caths.cz\/wordpress\/wp-content\/uploads\/2018\/03\/23.03.2018_Paracycling_FM_0037-XL-300x203.jpg 300w, https:\/\/www.caths.cz\/wordpress\/wp-content\/uploads\/2018\/03\/23.03.2018_Paracycling_FM_0037-XL-120x81.jpg 120w\" sizes=\"auto, (max-width: 600px) 100vw, 600px\" \/><\/a><\/p>\n","protected":false},"excerpt":{"rendered":"<a href=\"https:\/\/www.caths.cz\/wordpress\/koblasa-osmy-na-svete-ve-scratchi\/\"><img width=\"100\" height=\"100\" src=\"https:\/\/www.caths.cz\/wordpress\/wp-content\/uploads\/2018\/03\/23.03.2018_Paracycling_FM_0037-XL-100x100.jpg\" class=\"alignleft tfe wp-post-image\" alt=\"\" decoding=\"async\" loading=\"lazy\" srcset=\"https:\/\/www.caths.cz\/wordpress\/wp-content\/uploads\/2018\/03\/23.03.2018_Paracycling_FM_0037-XL-100x100.jpg 100w, https:\/\/www.caths.cz\/wordpress\/wp-content\/uploads\/2018\/03\/23.03.2018_Paracycling_FM_0037-XL-150x150.jpg 150w\" sizes=\"auto, (max-width: 100px) 100vw, 100px\" \/><\/a><p>Osm\u00e9 m\u00edsto ve scratchi spojen\u00fdch kategori\u00ed C1, C2, C3 vybojoval handicapovan\u00fd reprezentant \u010cesk\u00e9 republiky Ivo Koblasa. V\u00a0dramatick\u00e9m z\u00e1vod\u011b, jeho\u017e rychlostn\u00ed pr\u016fm\u011br byl 47,41 km si mlad\u00fd z\u00e1vodn\u00edk Favoritu Brno a [&hellip;]<\/p>\n","protected":false},"author":1,"featured_media":25786,"comment_status":"closed","ping_status":"closed","sticky":false,"template":"","format":"standard","meta":{"ngg_post_thumbnail":0,"footnotes":""},"categories":[2],"tags":[],"class_list":["post-25785","post","type-post","status-publish","format-standard","has-post-thumbnail","hentry","category-cyklistika"],"_links":{"self":[{"href":"https:\/\/www.caths.cz\/wordpress\/wp-json\/wp\/v2\/posts\/25785","targetHints":{"allow":["GET"]}}],"collection":[{"href":"https:\/\/www.caths.cz\/wordpress\/wp-json\/wp\/v2\/posts"}],"about":[{"href":"https:\/\/www.caths.cz\/wordpress\/wp-json\/wp\/v2\/types\/post"}],"author":[{"embeddable":true,"href":"https:\/\/www.caths.cz\/wordpress\/wp-json\/wp\/v2\/users\/1"}],"replies":[{"embeddable":true,"href":"https:\/\/www.caths.cz\/wordpress\/wp-json\/wp\/v2\/comments?post=25785"}],"version-history":[{"count":1,"href":"https:\/\/www.caths.cz\/wordpress\/wp-json\/wp\/v2\/posts\/25785\/revisions"}],"predecessor-version":[{"id":25787,"href":"https:\/\/www.caths.cz\/wordpress\/wp-json\/wp\/v2\/posts\/25785\/revisions\/25787"}],"wp:featuredmedia":[{"embeddable":true,"href":"https:\/\/www.caths.cz\/wordpress\/wp-json\/wp\/v2\/media\/25786"}],"wp:attachment":[{"href":"https:\/\/www.caths.cz\/wordpress\/wp-json\/wp\/v2\/media?parent=25785"}],"wp:term":[{"taxonomy":"category","embeddable":true,"href":"https:\/\/www.caths.cz\/wordpress\/wp-json\/wp\/v2\/categories?post=25785"},{"taxonomy":"post_tag","embeddable":true,"href":"https:\/\/www.caths.cz\/wordpress\/wp-json\/wp\/v2\/tags?post=25785"}],"curies":[{"name":"wp","href":"https:\/\/api.w.org\/{rel}","templated":true}]}}