{"id":2578,"date":"2013-09-10T22:09:51","date_gmt":"2013-09-10T21:09:51","guid":{"rendered":"http:\/\/www.caths.cz\/wordpress\/?p=2578"},"modified":"2013-09-10T22:09:51","modified_gmt":"2013-09-10T21:09:51","slug":"budeme-bez-valky-ve-sportu-telesne-postizenych","status":"publish","type":"post","link":"https:\/\/www.caths.cz\/wordpress\/budeme-bez-valky-ve-sportu-telesne-postizenych\/","title":{"rendered":"Budeme bez v\u00e1lky ve sportu t\u011blesn\u011b posti\u017een\u00fdch?"},"content":{"rendered":"<p>V sobotu 7.9. 2013 se uskute\u010dnila Valn\u00e1 hromada \u010cATHS s n\u00e1sledn\u00fdm setk\u00e1n\u00edm s Valnou hromadou \u010cSTPS. <br \/>\nNa programu bylo v podstat\u011b jedin\u00e9 \u2013 p\u0159\u00edpadn\u00e9 slou\u010den\u00ed \u010cATHS  s \u010cSTPS a ukon\u010den\u00ed mnohalet\u00e9ho sporu.<br \/>\nN\u00e1\u0161 koment\u00e1\u0159 k cel\u00e9 v\u011bci tentokr\u00e1t bude stroze v\u011bcn\u00fd, omezen\u00fd pouze na ofici\u00e1ln\u00ed prohl\u00e1\u0161en\u00ed veden\u00ed \u010cATHS,  nicm\u00e9n\u011b v\u011b\u0159te nebo ne, M\u00cdR JE V DOHLEDU!<br \/>\nProhl\u00e1\u0161en\u00ed: <\/p>\n<li>valn\u00e1 hromada \u010cATHS konan\u00e1 dne 7.9.2013 schv\u00e1lila N\u00e1vrh \u010cATHS Smlouvu o f\u00fazi s odkl\u00e1dac\u00ed podm\u00ednkou do 30.9. 2013, kde po\u017eaduje, aby do tohoto term\u00ednu \u010cSTPS zaru\u010dilo uhrazen\u00ed ve\u0161ker\u00fdch z\u00e1vazk\u016f. Tento po\u017eadavek vyplynul z auditu \u010cSTPS, kde jsou pohled\u00e1vky po splatnosti a p\u0159ed splatnost\u00ed cca ve v\u00fd\u0161i 1.700.000,- K\u010d, kter\u00e9 nejsou kryt\u00e9 financemi \u010cSTPS, tud\u00ed\u017e sdru\u017een\u00ed je hospod\u00e1\u0159sky ve ztr\u00e1t\u011b, Audit \u010cSTPS deklaruje, \u017ee:&#8220;Z\u00e1vazky k dodavatel\u016fm a jin\u00fdm subjekt\u016fm vznikl\u00e9 v roce 2005 se jako neuhrazen\u00e9 st\u00e1le p\u0159ev\u00e1d\u011bj\u00ed do dal\u0161\u00edch let. Jejich \u00fahrada nemohla b\u00fdt dosud z nedostatku nev\u00e1zan\u00fdch finan\u010dn\u00edch prost\u0159edk\u016f provedena. \u010cSTPS tyto z\u00e1vazky nad\u00e1le eviduje, a\u010dkoliv jsou ji\u017e pr\u00e1vn\u011b proml\u010den\u00e9 a pokud bude dosa\u017eeno plnohodnotn\u00e9ho \u010dlenstv\u00ed v\u010detn\u011b odpov\u00eddaj\u00edc\u00edho finan\u010dn\u00edho vyrovn\u00e1n\u00ed ze strany \u010cPV, je \u010cSTPS p\u0159ipraven tyto z\u00e1vazky uhradit, p\u0159esto, \u017ee jsou ji\u017e pr\u00e1vn\u011b nevymahateln\u00e9.\u201c K tomuto textu v p\u0159\u00edloze \u00fa\u010detn\u00ed z\u00e1v\u011brky uvedl Jan Nevrkla, \u017ee jeho osobn\u00ed n\u00e1zor a p\u0159esv\u011bd\u010den\u00ed je takov\u00e9, \u017ee tyto z\u00e1vazky nebudou nikdy vym\u00e1h\u00e1ny, \u017ee jsou proml\u010den\u00e9 a \u017ee od subjekt\u016f uveden\u00fdch jako v\u011b\u0159itel\u00e9 budou dod\u00e1na prohl\u00e1\u0161en\u00ed a ov\u011b\u0159en\u00e1 potvrzen\u00ed, \u017ee z\u00e1vazky od nich nebudou vym\u00e1h\u00e1ny,<\/li>\n<p> <\/p>\n<li>d\u00e1le valn\u00e1 hromada \u010cATHS po vyslechnut\u00ed deleg\u00e1t\u016f \u010cSTPS hlasovala o jejich N\u00e1vrhu smlouvy o f\u00fazi. Tento n\u00e1vrh byl a\u017e na 4 hlasy zam\u00edtnut,<\/li>\n<p> <\/p>\n<li>t\u00e9ho\u017e dne se konala valn\u00e1 hromada \u010cSTPS, kde jsme jako deleg\u00e1ti nem\u011bli mo\u017enost odprezentovat n\u00e1\u0161 n\u00e1vrh p\u0159ed schvalov\u00e1n\u00edm valnou hromadou, p\u0159esto \u010dlenov\u00e9 \u010cSTPS N\u00e1vrh \u010cATHS podpo\u0159ili cca 1\/3 sv\u00fdch mand\u00e1t\u016f,<\/li>\n<p> <\/p>\n<li>pro p\u0159\u00edpad, \u017ee nedojde k odsouhlasen\u00ed jednoho z n\u00e1vrh\u016f ob\u011bma valn\u00fdmi hromadami, \u010cATHS navrhlo uzav\u0159en\u00ed Smlouvy o sou\u010dinnosti, dle kter\u00e9 by vznikl zast\u0159e\u0161uj\u00edc\u00ed svaz, tento n\u00e1vrh op\u011bt schv\u00e1lila valn\u00e1 hromada \u010cATHS, av\u0161ak veden\u00ed \u010cSTPS n\u00e1vrh zam\u00edtlo a valn\u00e1 hromada \u010cSTPS o n\u00e1vrhu nehlasovala,<\/li>\n<p> <\/p>\n<li>Nakonec ob\u011b sdru\u017een\u00ed vznesly n\u00e1vrhy: <\/li>\n<p> 1) \u010cATHS nab\u00eddlo p\u0159ijet\u00ed cel\u00e9 \u010dlensk\u00e9 z\u00e1kladny a zm\u011bnu n\u00e1zvu z \u010cATHS na \u010cSTPS<br \/> 2) \u010cSTPS nab\u00eddlo p\u0159ijet\u00ed cel\u00e9 \u010dlensk\u00e9 z\u00e1kladny \u010cATHS, nav\u00fd\u0161en\u00ed \u010dlen\u016fm \u010cATHS mand\u00e1ty na valn\u00fdch hromad\u00e1ch po dobu dvou let tak, aby do\u0161lo k parit\u011b obou sdru\u017een\u00ed a navrhlo srovn\u00e1n\u00ed v\u0161ech z\u00e1vazk\u016f. <\/p>\n<p> <strong>Vzhledem ke zdlouhavosti cel\u00e9ho sporu a toleranci p\u0159ihl\u00ed\u017eej\u00edc\u00edch, \u010cATHS hodl\u00e1 vznikl\u00fd spor vy\u0159e\u0161it definitivn\u011b a proto s navr\u017een\u00fdm postupem \u010cSTPS souhlas\u00ed s po\u017eadavkem:<\/strong><\/p>\n<li>\u010cSTPS se zav\u00e1\u017ee sv\u00e9 z\u00e1vazky po splatnosti vy\u0159e\u0161it t\u00edm zp\u016fsobem, \u017ee od v\u0161ech v\u011b\u0159itel\u016f p\u0159edlo\u017e\u00ed vzd\u00e1n\u00ed se pr\u00e1va o vym\u00e1h\u00e1n\u00ed pohled\u00e1vky s ov\u011b\u0159en\u00fdmi podpisy k datu 30.9.2013, z\u00e1vazky p\u0159ed splatnost\u00ed uhrad\u00ed, aby \u010cSTPS nebylo ve ztr\u00e1t\u011b,<\/li>\n<p> <\/p>\n<li>\u010cSTPS svol\u00e1 do 30ti dn\u016f od vstupu prvn\u00edho \u010dlena z \u010cATHS do \u010cSTPS valnou hromadu, kde budou voleny org\u00e1ny \u010cSTPS, mand\u00e1ty \u010dlen\u016f obou sdru\u017een\u00ed boudou paritn\u00ed a dojde ke zm\u011bn\u011b stanov tak, aby tato parita byla zachov\u00e1na na obdob\u00ed dvou let pro \u010dleny \u010cATHS, do stanov bude zakomponov\u00e1no individu\u00e1ln\u00ed \u010dlenstv\u00ed fyzick\u00fdch osob,<\/li>\n<p> <\/p>\n<li>finan\u010dn\u00ed zaji\u0161t\u011bn\u00ed \u2013 \u017e\u00e1dost na M\u0160MT- \u010cATHS i \u010cSTPS vypracuj\u00ed sv\u00e9 \u017e\u00e1dosti, kter\u00e9 zkompletuj\u00ed do jedn\u00e9 a podaj\u00ed prost\u0159ednictv\u00edm \u010cPV na M\u0160MT. D\u016fvodem je, \u017ee \u010cSTPS po\u017eadavky nemus\u00ed splnit a v p\u0159\u00edpad\u011b, \u017ee bude pod\u00e1vat \u017e\u00e1dot pouze \u010cSTPS, m\u016f\u017ee z\u016fstat \u010cATHS bez finan\u010dn\u00edch prost\u0159edk\u016f,<\/li>\n<p> <\/p>\n<li>pro \u00fa\u010dely administrativy, \u010cSTPS p\u0159evezme zam\u011bstnance \u010cATHS a to z\u00e1stupce sekretari\u00e1tu \u010cATHS, dojde k rozd\u011blen\u00ed kompetenc\u00ed pracovn\u00edk\u016f sekretari\u00e1tu, nap\u0159. sekret\u00e1\u0159 svazu, mana\u017eer reprezenta\u010dn\u00edch t\u00fdm\u016f apod., s t\u011bmito zam\u011bstnanci bude sjednocena mzda a odm\u011bna.<\/li>\n<p> Pokud \u010cSTPS odsouhlas\u00ed ve\u0161ker\u00e9 vznesen\u00e9 po\u017eadavky, mus\u00ed doj\u00edt na stran\u011b \u010cATHS k odsouhlasen\u00ed tohoto postupu \u010dlenskou z\u00e1kladnou.<br \/> Pokud \u010cSTPS na\u0161e po\u017eadavky nespln\u00ed trv\u00e1me na na\u0161ich n\u00e1vrz\u00edch tzn. na Smlouv\u011b o sou\u010dinnosti se zast\u0159e\u0161uj\u00edc\u00edm svazem nebo s n\u00e1vrhem \u010cATHS, kter\u00e9 p\u0159ijme celou \u010dlenskou z\u00e1kladnu \u010cSTPS a dojde ke zm\u011bn\u011b n\u00e1zvu na \u010cSTPS.<\/p>\n","protected":false},"excerpt":{"rendered":"<a href=\"https:\/\/www.caths.cz\/wordpress\/budeme-bez-valky-ve-sportu-telesne-postizenych\/\"><img loading=\"lazy\" decoding=\"async\" width=\"100\" height=\"100\" src=\"https:\/\/www.caths.cz\/wordpress\/wp-content\/plugins\/thumbnail-for-excerpts\/tfe_no_thumb.png\" class=\"alignleft wp-post-image tfe\" alt=\"\" title=\"\" \/><\/a><p>V sobotu 7.9. 2013 se uskute\u010dnila Valn\u00e1 hromada \u010cATHS s n\u00e1sledn\u00fdm setk\u00e1n\u00edm s Valnou hromadou \u010cSTPS. Na programu bylo v podstat\u011b jedin\u00e9 \u2013 p\u0159\u00edpadn\u00e9 slou\u010den\u00ed \u010cATHS s \u010cSTPS a ukon\u010den\u00ed [&hellip;]<\/p>\n","protected":false},"author":1,"featured_media":0,"comment_status":"closed","ping_status":"closed","sticky":false,"template":"","format":"standard","meta":{"ngg_post_thumbnail":0,"footnotes":""},"categories":[6],"tags":[],"class_list":["post-2578","post","type-post","status-publish","format-standard","hentry","category-caths-info"],"_links":{"self":[{"href":"https:\/\/www.caths.cz\/wordpress\/wp-json\/wp\/v2\/posts\/2578","targetHints":{"allow":["GET"]}}],"collection":[{"href":"https:\/\/www.caths.cz\/wordpress\/wp-json\/wp\/v2\/posts"}],"about":[{"href":"https:\/\/www.caths.cz\/wordpress\/wp-json\/wp\/v2\/types\/post"}],"author":[{"embeddable":true,"href":"https:\/\/www.caths.cz\/wordpress\/wp-json\/wp\/v2\/users\/1"}],"replies":[{"embeddable":true,"href":"https:\/\/www.caths.cz\/wordpress\/wp-json\/wp\/v2\/comments?post=2578"}],"version-history":[{"count":0,"href":"https:\/\/www.caths.cz\/wordpress\/wp-json\/wp\/v2\/posts\/2578\/revisions"}],"wp:attachment":[{"href":"https:\/\/www.caths.cz\/wordpress\/wp-json\/wp\/v2\/media?parent=2578"}],"wp:term":[{"taxonomy":"category","embeddable":true,"href":"https:\/\/www.caths.cz\/wordpress\/wp-json\/wp\/v2\/categories?post=2578"},{"taxonomy":"post_tag","embeddable":true,"href":"https:\/\/www.caths.cz\/wordpress\/wp-json\/wp\/v2\/tags?post=2578"}],"curies":[{"name":"wp","href":"https:\/\/api.w.org\/{rel}","templated":true}]}}