{"id":2577,"date":"2013-09-02T02:25:44","date_gmt":"2013-09-02T01:25:44","guid":{"rendered":"http:\/\/www.caths.cz\/wordpress\/?p=2577"},"modified":"2013-09-02T02:25:44","modified_gmt":"2013-09-02T01:25:44","slug":"ceska-radost-a-dve-dalsi-stribra-na-konte-ceskych-cyklistu","status":"publish","type":"post","link":"https:\/\/www.caths.cz\/wordpress\/ceska-radost-a-dve-dalsi-stribra-na-konte-ceskych-cyklistu\/","title":{"rendered":"\u010cesk\u00e1 radost a dv\u011b dal\u0161\u00ed st\u0159\u00edbra na kont\u011b \u010desk\u00fdch cyklist\u016f"},"content":{"rendered":"<p>Ned\u011bln\u00ed dopoledne pat\u0159ilo na mistrovstv\u00ed sv\u011bta silni\u010dn\u00edm z\u00e1vod\u016fm kategori\u00ed C. Na\u0161i t\u0159i cyklist\u00e9 \u2013 Tereza Diepoldov\u00e1, Ji\u0159\u00ed Je\u017eek a Tom\u00e1\u0161 Kajnar nastupovali na start s bojovnou n\u00e1ladou a s velkou chut\u00ed z\u00e1vodit.Na z\u00e1vodn\u00edky \u010dekal n\u00e1ro\u010dn\u00fd jeden\u00e1cti kilometrov\u00fd okruh s n\u00e1ro\u010dn\u00fdm stoup\u00e1n\u00edm. Jezdci kategorie C4 s Jirkou Je\u017ekem a C5 s Tom\u00e1\u0161em Kajnarem m\u011bli na programu 80 km v sedmi okruz\u00edch, \u017eeny 4 okruhy a 46 km dlouhou tra\u0165. <\/p>\n<p> Z\u00e1vod mu\u017e\u016f se vyv\u00edjel pro \u010desk\u00e9 barvy od po\u010d\u00e1tku velmi nad\u011bjn\u011b. Ve druh\u00e9m kole nastoupila do \u00faniku trojice \u2013 Je\u017eek, Novak a Alkaide, kter\u00fdm se da\u0159ilo ka\u017ed\u00fdm metrem n\u00e1skok zvy\u0161ovat. Po n\u011bkolika kolech bylo jist\u00e9 , \u017ee o medaili se rozhodne mezi t\u011bmito t\u0159emi jezdci. Do c\u00edlov\u00e9 rovinky naj\u00ed\u017ed\u011bli v\u0161ichni t\u0159i sou\u010dasn\u011b a o medail\u00edch se rozhodovalo ve spurtu. V n\u011bm byl, bohu\u017eel pro na\u0161e barvy, rychlej\u0161\u00ed Rumun Novak, ale hned za n\u00edm pro\u0165al c\u00edlovou lajnu Jirka Je\u017eek a bral ji\u017e druh\u00e9 st\u0159\u00edbro na MS. Na \u0160pan\u011bla Alkaideho zbyla bronzov\u00e1. <\/p>\n<p> Jirka se v c\u00edli velmi radoval: <em>\u201e Je to po dlouh\u00e9 dob\u011b medaile ze silni\u010dn\u00edho z\u00e1vodu. Dnes jsem nastupoval do z\u00e1vodu s p\u0159edsevzet\u00edm, \u017ee soupe\u0159\u016fm jejich roli maxim\u00e1ln\u011b znep\u0159\u00edjemn\u00edm. Ale na medaili jsem nepom\u00fd\u0161lel. A ono to vy\u0161lo!! Po zisku celkov\u00e9ho v\u00edt\u011bzstv\u00ed ve sv\u011btov\u00e9m poh\u00e1ru je zisk dvou st\u0159\u00edbrn\u00fdch medail\u00ed maxim\u00e1ln\u00ed bonus, ve kter\u00fd jsem ani nedoufal.\u201c<\/em> <\/p>\n<p> Tereza Diepoldov\u00e1 si cht\u011bla spravit chu\u0165 po nevyda\u0159en\u00e9 \u010dasovce. To se j\u00ed poda\u0159ilo a do c\u00edle vjela jako druh\u00e1 a z\u00edskala tak\u00e9 st\u0159\u00edbrnou medaili. <\/p>\n<p> Tom\u00e1\u0161 Kajnar bojoval doslova jako lev. Sna\u017eil se zachytit \u00faniky, nastupoval a byl velmi aktivn\u00ed. V p\u0159edposledn\u00edm kole se mu poda\u0159ilo uniknout z velk\u00e9 skupiny jezdc\u016f a pohyboval se na pr\u016fb\u011b\u017en\u00e9m t\u0159et\u00edm m\u00edst\u011b. U\u017e to vypadalo, \u017ee Tom\u00e1\u0161 n\u00e1skok udr\u017e\u00ed a vybojuje dal\u0161\u00ed medaili, ale skupina pron\u00e1sledovatel\u016f v \u010dele s paralympijsk\u00fdm v\u00edt\u011bzem Dement\u011bvem jej v c\u00edlov\u00e9 rovince dojela a ve spurtu na n\u011b Tom\u00e1\u0161 ji\u017e nesta\u010dil. Nicm\u00e9n\u011b z toho bylo \u00fa\u017easn\u00e9 \u0161est\u00e9 m\u00edsto a dal\u0161\u00ed Tom\u00e1\u0161\u016fv posun ke sv\u011btov\u00e9 \u0161pi\u010dce. Z\u00e1vod C5 vyhr\u00e1l Australan Gallager p\u0159ed Italem Botossem a dal\u0161\u00edm Australanem Donohoem. <\/p>\n<p> <img decoding=\"async\" src=\"\/wordpress\/image\/sekretarky\/cyklistika\/ms2013\/silnice\/IMG_8925.JPG\"> <\/p>\n<p> <img decoding=\"async\" src=\"\/wordpress\/image\/sekretarky\/cyklistika\/ms2013\/silnice\/IMG_8929.JPG\"> <\/p>\n<p> <img decoding=\"async\" src=\"\/wordpress\/image\/sekretarky\/cyklistika\/ms2013\/silnice\/IMG_8930.JPG\"> <\/p>\n<p> <img decoding=\"async\" src=\"\/wordpress\/image\/sekretarky\/cyklistika\/ms2013\/silnice\/IMG_8938.JPG\"> <\/p>\n<p> <img decoding=\"async\" src=\"\/wordpress\/image\/sekretarky\/cyklistika\/ms2013\/silnice\/IMG_8959.JPG\"> <\/p>\n<p> <img decoding=\"async\" src=\"\/wordpress\/image\/sekretarky\/cyklistika\/ms2013\/silnice\/IMG_8960.JPG\"> <\/p>\n<p> <img decoding=\"async\" src=\"\/wordpress\/image\/sekretarky\/cyklistika\/ms2013\/silnice\/IMG_8966.JPG\"> <\/p>\n<p> <img decoding=\"async\" src=\"\/wordpress\/image\/sekretarky\/cyklistika\/ms2013\/silnice\/IMG_8971.JPG\"> <\/p>\n<p> <img decoding=\"async\" src=\"\/wordpress\/image\/sekretarky\/cyklistika\/ms2013\/silnice\/IMG_8974.JPG\"> <\/p>\n<p> <img decoding=\"async\" src=\"\/wordpress\/image\/sekretarky\/cyklistika\/ms2013\/silnice\/IMG_8980.JPG\"> <\/p>\n<p> <img decoding=\"async\" src=\"\/wordpress\/image\/sekretarky\/cyklistika\/ms2013\/silnice\/IMG_8983.JPG\"> <\/p>\n<p> <img decoding=\"async\" src=\"\/wordpress\/image\/sekretarky\/cyklistika\/ms2013\/silnice\/IMG_8996.JPG\"> <\/p>\n<p> <img decoding=\"async\" src=\"\/wordpress\/image\/sekretarky\/cyklistika\/ms2013\/silnice\/IMG_8999.JPG\"> <\/p>\n<p> <img decoding=\"async\" src=\"\/wordpress\/image\/sekretarky\/cyklistika\/ms2013\/silnice\/IMG_9014.JPG\"> <\/p>\n<p> <img decoding=\"async\" src=\"\/wordpress\/image\/sekretarky\/cyklistika\/ms2013\/silnice\/IMG_8033.JPG\"> <\/p>\n","protected":false},"excerpt":{"rendered":"<a href=\"https:\/\/www.caths.cz\/wordpress\/ceska-radost-a-dve-dalsi-stribra-na-konte-ceskych-cyklistu\/\"><img loading=\"lazy\" decoding=\"async\" width=\"100\" height=\"100\" src=\"https:\/\/www.caths.cz\/wordpress\/wp-content\/plugins\/thumbnail-for-excerpts\/tfe_no_thumb.png\" class=\"alignleft wp-post-image tfe\" alt=\"\" title=\"\" \/><\/a><p>Ned\u011bln\u00ed dopoledne pat\u0159ilo na mistrovstv\u00ed sv\u011bta silni\u010dn\u00edm z\u00e1vod\u016fm kategori\u00ed C. Na\u0161i t\u0159i cyklist\u00e9 \u2013 Tereza Diepoldov\u00e1, Ji\u0159\u00ed Je\u017eek a Tom\u00e1\u0161 Kajnar nastupovali na start s bojovnou n\u00e1ladou a s velkou [&hellip;]<\/p>\n","protected":false},"author":1,"featured_media":0,"comment_status":"closed","ping_status":"closed","sticky":false,"template":"","format":"standard","meta":{"ngg_post_thumbnail":0,"footnotes":""},"categories":[2],"tags":[],"class_list":["post-2577","post","type-post","status-publish","format-standard","hentry","category-cyklistika"],"_links":{"self":[{"href":"https:\/\/www.caths.cz\/wordpress\/wp-json\/wp\/v2\/posts\/2577","targetHints":{"allow":["GET"]}}],"collection":[{"href":"https:\/\/www.caths.cz\/wordpress\/wp-json\/wp\/v2\/posts"}],"about":[{"href":"https:\/\/www.caths.cz\/wordpress\/wp-json\/wp\/v2\/types\/post"}],"author":[{"embeddable":true,"href":"https:\/\/www.caths.cz\/wordpress\/wp-json\/wp\/v2\/users\/1"}],"replies":[{"embeddable":true,"href":"https:\/\/www.caths.cz\/wordpress\/wp-json\/wp\/v2\/comments?post=2577"}],"version-history":[{"count":0,"href":"https:\/\/www.caths.cz\/wordpress\/wp-json\/wp\/v2\/posts\/2577\/revisions"}],"wp:attachment":[{"href":"https:\/\/www.caths.cz\/wordpress\/wp-json\/wp\/v2\/media?parent=2577"}],"wp:term":[{"taxonomy":"category","embeddable":true,"href":"https:\/\/www.caths.cz\/wordpress\/wp-json\/wp\/v2\/categories?post=2577"},{"taxonomy":"post_tag","embeddable":true,"href":"https:\/\/www.caths.cz\/wordpress\/wp-json\/wp\/v2\/tags?post=2577"}],"curies":[{"name":"wp","href":"https:\/\/api.w.org\/{rel}","templated":true}]}}