{"id":2576,"date":"2013-08-30T23:45:08","date_gmt":"2013-08-30T22:45:08","guid":{"rendered":"http:\/\/www.caths.cz\/wordpress\/?p=2576"},"modified":"2013-08-30T23:45:08","modified_gmt":"2013-08-30T22:45:08","slug":"jiri-jezek-stribrny-v-casovce","status":"publish","type":"post","link":"https:\/\/www.caths.cz\/wordpress\/jiri-jezek-stribrny-v-casovce\/","title":{"rendered":"Ji\u0159\u00ed Je\u017eek st\u0159\u00edbrn\u00fd v \u010dasovce"},"content":{"rendered":"<p>Druh\u00fd den programu mistrovstv\u00ed sv\u011bta v cyklistice pat\u0159il \u010dasovk\u00e1m kategori\u00ed C a tandem\u016fm. V siln\u00e9 konkurenci se \u010ce\u0161i neztratili.Nejl\u00e9pe se da\u0159ilo paralympijsk\u00e9mu v\u00edt\u011bzi z Lond\u00fdna Ji\u0159\u00edmu Je\u017ekovi. Do \u010dasovky dlouh\u00e9 26 km nastupoval Jirka jako posledn\u00ed jezdec startovn\u00ed listiny. P\u0159ed sebou m\u011bl s minutov\u00fdm odstupem sv\u00e9ho v\u011b\u010dn\u00e9ho soupe\u0159e Rumuna Eduarda Novaka. Z\u00e1vod byl nesm\u00edrn\u011b nap\u00ednav\u00fd. Je\u0161t\u011b v polovin\u011b posledn\u00edho kola byl mezi ob\u011bma jezdci minim\u00e1ln\u00ed rozd\u00edl 2 vte\u0159in. Na c\u00edlov\u00e9 p\u00e1sce byl Novak o pouh\u00fdch 6 vte\u0159in rychlej\u0161\u00ed ne\u017e n\u00e1\u0161 jezdec. Jirka tak vybojoval kr\u00e1sn\u00e9 2.m\u00edsto a odv\u00e1\u017e\u00ed si dal\u0161\u00ed cenn\u00fd kov z mistrovstv\u00ed sv\u011bta. T\u0159et\u00ed v kategorii C4 skon\u010dil Kolumbijec Duenas Gomez. Dal\u0161\u00ed z \u010cech\u016f Jirka Bou\u0161ka dojel p\u00e1t\u00fd. <\/p>\n<p> Velice p\u011bkn\u00fd v\u00fdkon p\u0159edvedl p\u0159i sv\u00e9 premi\u00e9\u0159e na MS Tom\u00e1\u0161 Kajnar v kategorii C5. Tom\u00e1\u0161 byl po prvn\u00edm kole dokonce na \u010dtvrt\u00e9m m\u00edst\u011b, po druh\u00e9m na sedm\u00e9m. V z\u00e1v\u011bru malinko &#8222;vytuhnul&#8220; a skon\u010dil na osm\u00e9m m\u00edst\u011b, ale i tak je to pro \u010desk\u00e9ho jezdce obrovsk\u00fd \u00fasp\u011bch. Z\u00e1vod kategori\u00ed C5 vyhr\u00e1l Ukrajinec Dementev, p\u0159ed Italem Tarlaem a Australanem Donohoem. <\/p>\n<p> Tereza Diepoldov\u00e1 po t\u011b\u017ek\u00e9m souboji se soupe\u0159kami skon\u010dila na t\u0159et\u00edm m\u00edst\u011b. Terka nebyla se sv\u00fdm v\u00fdkonem v\u016fbec spokojen\u00e1. Doplatila na technick\u00e9 pas\u00e1\u017ee trati, kde byly soupe\u0159ky lep\u0161\u00ed. Z\u00e1vod vyhr\u00e1la Ameri\u010danka Alison Jones p\u0159ed \u0160pan\u011blkou Rachel Acinas. <\/p>\n<p> Z\u00edtra je na programu silni\u010dn\u00ed z\u00e1vod handbik\u016f, kde n\u00e1s budou reprezentovat v kategorii H1 Pavel Folt\u00fdn a v kategorii H2 Jan Tom\u00e1nek. <\/p>\n<p> <img decoding=\"async\" src=\"\/wordpress\/image\/sekretarky\/cyklistika\/ms2013\/casovka C\/IMG_6310.JPG\"><\/p>\n<p> <img decoding=\"async\" src=\"\/wordpress\/image\/sekretarky\/cyklistika\/ms2013\/casovka C\/IMG_6317.JPG\"><\/p>\n<p> <img decoding=\"async\" src=\"\/wordpress\/image\/sekretarky\/cyklistika\/ms2013\/casovka C\/IMG_6325.JPG\"><\/p>\n<p> <img decoding=\"async\" src=\"\/wordpress\/image\/sekretarky\/cyklistika\/ms2013\/casovka C\/IMG_6339.JPG\"><\/p>\n<p> <img decoding=\"async\" src=\"\/wordpress\/image\/sekretarky\/cyklistika\/ms2013\/casovka C\/IMG_6351.JPG\"><\/p>\n<p> <img decoding=\"async\" src=\"\/wordpress\/image\/sekretarky\/cyklistika\/ms2013\/casovka C\/IMG_6360.JPG\"><\/p>\n<p> <img decoding=\"async\" src=\"\/wordpress\/image\/sekretarky\/cyklistika\/ms2013\/casovka C\/IMG_6419.JPG\"><\/p>\n<p> <img decoding=\"async\" src=\"\/wordpress\/image\/sekretarky\/cyklistika\/ms2013\/casovka C\/IMG_6430.JPG\"><\/p>\n<p> <img decoding=\"async\" src=\"\/wordpress\/image\/sekretarky\/cyklistika\/ms2013\/IMG_8893.JPG\"><\/p>\n","protected":false},"excerpt":{"rendered":"<a href=\"https:\/\/www.caths.cz\/wordpress\/jiri-jezek-stribrny-v-casovce\/\"><img loading=\"lazy\" decoding=\"async\" width=\"100\" height=\"100\" src=\"https:\/\/www.caths.cz\/wordpress\/wp-content\/plugins\/thumbnail-for-excerpts\/tfe_no_thumb.png\" class=\"alignleft wp-post-image tfe\" alt=\"\" title=\"\" \/><\/a><p>Druh\u00fd den programu mistrovstv\u00ed sv\u011bta v cyklistice pat\u0159il \u010dasovk\u00e1m kategori\u00ed C a tandem\u016fm. V siln\u00e9 konkurenci se \u010ce\u0161i neztratili.Nejl\u00e9pe se da\u0159ilo paralympijsk\u00e9mu v\u00edt\u011bzi z Lond\u00fdna Ji\u0159\u00edmu Je\u017ekovi. Do \u010dasovky dlouh\u00e9 [&hellip;]<\/p>\n","protected":false},"author":1,"featured_media":0,"comment_status":"closed","ping_status":"closed","sticky":false,"template":"","format":"standard","meta":{"ngg_post_thumbnail":0,"footnotes":""},"categories":[2],"tags":[],"class_list":["post-2576","post","type-post","status-publish","format-standard","hentry","category-cyklistika"],"_links":{"self":[{"href":"https:\/\/www.caths.cz\/wordpress\/wp-json\/wp\/v2\/posts\/2576","targetHints":{"allow":["GET"]}}],"collection":[{"href":"https:\/\/www.caths.cz\/wordpress\/wp-json\/wp\/v2\/posts"}],"about":[{"href":"https:\/\/www.caths.cz\/wordpress\/wp-json\/wp\/v2\/types\/post"}],"author":[{"embeddable":true,"href":"https:\/\/www.caths.cz\/wordpress\/wp-json\/wp\/v2\/users\/1"}],"replies":[{"embeddable":true,"href":"https:\/\/www.caths.cz\/wordpress\/wp-json\/wp\/v2\/comments?post=2576"}],"version-history":[{"count":0,"href":"https:\/\/www.caths.cz\/wordpress\/wp-json\/wp\/v2\/posts\/2576\/revisions"}],"wp:attachment":[{"href":"https:\/\/www.caths.cz\/wordpress\/wp-json\/wp\/v2\/media?parent=2576"}],"wp:term":[{"taxonomy":"category","embeddable":true,"href":"https:\/\/www.caths.cz\/wordpress\/wp-json\/wp\/v2\/categories?post=2576"},{"taxonomy":"post_tag","embeddable":true,"href":"https:\/\/www.caths.cz\/wordpress\/wp-json\/wp\/v2\/tags?post=2576"}],"curies":[{"name":"wp","href":"https:\/\/api.w.org\/{rel}","templated":true}]}}