{"id":2575,"date":"2013-08-30T00:21:37","date_gmt":"2013-08-29T23:21:37","guid":{"rendered":"http:\/\/www.caths.cz\/wordpress\/?p=2575"},"modified":"2013-08-30T00:21:37","modified_gmt":"2013-08-29T23:21:37","slug":"prvni-den-mistrovstvi-sveta-v-cyklistice-se-cechum-prilis-nevydaril","status":"publish","type":"post","link":"https:\/\/www.caths.cz\/wordpress\/prvni-den-mistrovstvi-sveta-v-cyklistice-se-cechum-prilis-nevydaril\/","title":{"rendered":"Prvn\u00ed den mistrovstv\u00ed sv\u011bta v cyklistice se \u010cech\u016fm p\u0159\u00edli\u0161 nevyda\u0159il"},"content":{"rendered":"<p>Ve \u010dtvrtek 29.8. byly na programu \u010dasovky kategori\u00ed handbike. Na oba na\u0161e z\u00e1stupce &#8211; Pavla Folt\u00fdna a Jana Tom\u00e1nka \u010dekaly dva okruhy \u010dasovk\u00e1\u0159sk\u00e9 trati dlouh\u00e9 17,3 km.Jako prvn\u00ed z \u010cech\u016f se na start postavil Jan Tom\u00e1nek (H2). Honza letos nem\u011bl p\u0159\u00edli\u0161 \u0161\u0165astn\u00fd rok. Kv\u016fli z\u00e1va\u017en\u00fdm zdravotn\u00edm probl\u00e9m\u016fm musel vynechat polovinu sez\u00f3ny a do pln\u00e9ho tr\u00e9ninku mohl nastoupit a\u017e v \u010dervenci. To se tak\u00e9 projevilo na jeho dne\u0161n\u00edm v\u00fdkonu v \u010dasovce, ve kter\u00e9 skon\u010dil na 14 m\u00edst\u011b. Kategorii H2 vyhr\u00e1l Ital Podesta p\u0159ed &#8222;nesmrteln\u00fdm&#8220; \u0160v\u00edcarem Freiem a Raku\u0161anem Ablingerem. <\/p>\n<p> Druh\u00fd z \u010cech\u016f, Pavel Folt\u00fdn, je na mistrovstv\u00ed sv\u011bta po p\u011bti letech. Naposledy se z\u00fa\u010dastnil MS v Bogognu 2009. Letos se Pavlovi da\u0159ilo. V \u010dervnu vyhr\u00e1l zp\u016fsobem start -c\u00edl silni\u010dn\u00ed z\u00e1vod na sv\u011btov\u00e9m poh\u00e1ru v italsk\u00e9m Meranu. <br \/> Dne\u0161n\u00ed \u010dasovka se v\u0161ak \u010desk\u00e9mu cyklistovi nevyda\u0159ila. Po prvn\u00edm kole byl na pr\u016fb\u011b\u017en\u00e9m p\u00e1t\u00e9m m\u00edst\u011b, ale potom se propadl a\u017e na celkov\u00e9 osm\u00e9 m\u00edsto. <br \/> Zklaman\u00fd Pavel n\u00e1m po z\u00e1vod\u011b \u0159ekl: <em>&#8220; Moc jsem se na dne\u0161n\u00ed z\u00e1vod t\u011b\u0161il. V p\u0159\u00edprav\u011b jsem tomu dal v\u0161echno a c\u00edtil se dob\u0159e. Bohu\u017eel p\u0159i dne\u0161n\u00ed \u010dasovce na m\u011b padla \u0161\u00edlen\u00e1 \u00fanava. Asi d\u016fsledek dlouh\u00e9 cesty. Nebyl jsem schopn\u00fd zabrat a zrychlit. Jako bych to nebyl j\u00e1. Te\u010f si mus\u00edm hlavn\u011b odpo\u010dinout a zrelaxovat p\u0159ed sobotn\u00edm silni\u010dn\u00edm z\u00e1vodem.&#8220;<\/em> <\/p>\n<p> \u010casovku kategorie H1 vyhr\u00e1l italsk\u00fd z\u00e1vodn\u00edk Mazzone p\u0159ed Irem Rohanem a Ameri\u010danem Groulxem. <br \/> Neuv\u011b\u0159iteln\u00fd hatrick se dnes poda\u0159il jezdc\u016fm z It\u00e1lie, kte\u0159\u00ed z\u00edskali 3 prvenstv\u00ed ze \u010dty\u0159 mu\u017esk\u00fdch kategori\u00ed, kdy\u017e ji\u017e zm\u00edn\u011bn\u00e9 v\u00edt\u011bze z kategori\u00ed H1 a H2 doplnil v kategorii H 4 legend\u00e1rn\u00ed Zanardi. <\/p>\n<p> Z\u00edtra jsou na programu \u010dasovky kategori\u00ed C a B (tandemy). Ke sv\u00fdm z\u00e1vod\u016fm nastoup\u00ed Jirka Je\u017eek, Tereza Diepoldov\u00e1 a Tom\u00e1\u0161 Kajnar. <\/p>\n<p> <img decoding=\"async\" src=\"\/wordpress\/image\/sekretarky\/cyklistika\/ms2013\/casovka H\/001.JPG\"><\/p>\n<p> <img decoding=\"async\" src=\"\/wordpress\/image\/sekretarky\/cyklistika\/ms2013\/casovka H\/002.jpg\"><\/p>\n<p> <img decoding=\"async\" src=\"\/wordpress\/image\/sekretarky\/cyklistika\/ms2013\/casovka H\/003.jpg\"><\/p>\n<p> <img decoding=\"async\" src=\"\/wordpress\/image\/sekretarky\/cyklistika\/ms2013\/casovka H\/004.jpg\"><\/p>\n<p> <img decoding=\"async\" src=\"\/wordpress\/image\/sekretarky\/cyklistika\/ms2013\/casovka H\/IMG_8827.JPG\"><\/p>\n<p> <img decoding=\"async\" src=\"\/wordpress\/image\/sekretarky\/cyklistika\/ms2013\/casovka H\/IMG_8828.JPG\"><\/p>\n<p> <img decoding=\"async\" src=\"\/wordpress\/image\/sekretarky\/cyklistika\/ms2013\/casovka H\/IMG_8830.JPG\"><\/p>\n<p> <img decoding=\"async\" src=\"\/wordpress\/image\/sekretarky\/cyklistika\/ms2013\/casovka H\/IMG_8837.JPG\"><\/p>\n<p> <img decoding=\"async\" src=\"\/wordpress\/image\/sekretarky\/cyklistika\/ms2013\/casovka H\/IMG_8838.JPG\"><\/p>\n<p> <img decoding=\"async\" src=\"\/wordpress\/image\/sekretarky\/cyklistika\/ms2013\/casovka H\/IMG_8842.JPG\"><\/p>\n<p> <img decoding=\"async\" src=\"\/wordpress\/image\/sekretarky\/cyklistika\/ms2013\/casovka H\/IMG_8843.JPG\"><\/p>\n<p> <img decoding=\"async\" src=\"\/wordpress\/image\/sekretarky\/cyklistika\/ms2013\/casovka H\/IMG_8849.JPG\"><\/p>\n<p> <img decoding=\"async\" src=\"\/wordpress\/image\/sekretarky\/cyklistika\/ms2013\/casovka H\/IMG_8851.JPG\"><\/p>\n<p> <img decoding=\"async\" src=\"\/wordpress\/image\/sekretarky\/cyklistika\/ms2013\/casovka H\/IMG_8857.JPG\"><\/p>\n<p> <img decoding=\"async\" src=\"\/wordpress\/image\/sekretarky\/cyklistika\/ms2013\/casovka H\/IMG_8863.JPG\"><\/p>\n<p> <img decoding=\"async\" src=\"\/wordpress\/image\/sekretarky\/cyklistika\/ms2013\/casovka H\/IMG_8872.JPG\"><\/p>\n","protected":false},"excerpt":{"rendered":"<a href=\"https:\/\/www.caths.cz\/wordpress\/prvni-den-mistrovstvi-sveta-v-cyklistice-se-cechum-prilis-nevydaril\/\"><img loading=\"lazy\" decoding=\"async\" width=\"100\" height=\"100\" src=\"https:\/\/www.caths.cz\/wordpress\/wp-content\/plugins\/thumbnail-for-excerpts\/tfe_no_thumb.png\" class=\"alignleft wp-post-image tfe\" alt=\"\" title=\"\" \/><\/a><p>Ve \u010dtvrtek 29.8. byly na programu \u010dasovky kategori\u00ed handbike. Na oba na\u0161e z\u00e1stupce &#8211; Pavla Folt\u00fdna a Jana Tom\u00e1nka \u010dekaly dva okruhy \u010dasovk\u00e1\u0159sk\u00e9 trati dlouh\u00e9 17,3 km.Jako prvn\u00ed z \u010cech\u016f [&hellip;]<\/p>\n","protected":false},"author":1,"featured_media":0,"comment_status":"closed","ping_status":"closed","sticky":false,"template":"","format":"standard","meta":{"ngg_post_thumbnail":0,"footnotes":""},"categories":[2],"tags":[],"class_list":["post-2575","post","type-post","status-publish","format-standard","hentry","category-cyklistika"],"_links":{"self":[{"href":"https:\/\/www.caths.cz\/wordpress\/wp-json\/wp\/v2\/posts\/2575","targetHints":{"allow":["GET"]}}],"collection":[{"href":"https:\/\/www.caths.cz\/wordpress\/wp-json\/wp\/v2\/posts"}],"about":[{"href":"https:\/\/www.caths.cz\/wordpress\/wp-json\/wp\/v2\/types\/post"}],"author":[{"embeddable":true,"href":"https:\/\/www.caths.cz\/wordpress\/wp-json\/wp\/v2\/users\/1"}],"replies":[{"embeddable":true,"href":"https:\/\/www.caths.cz\/wordpress\/wp-json\/wp\/v2\/comments?post=2575"}],"version-history":[{"count":0,"href":"https:\/\/www.caths.cz\/wordpress\/wp-json\/wp\/v2\/posts\/2575\/revisions"}],"wp:attachment":[{"href":"https:\/\/www.caths.cz\/wordpress\/wp-json\/wp\/v2\/media?parent=2575"}],"wp:term":[{"taxonomy":"category","embeddable":true,"href":"https:\/\/www.caths.cz\/wordpress\/wp-json\/wp\/v2\/categories?post=2575"},{"taxonomy":"post_tag","embeddable":true,"href":"https:\/\/www.caths.cz\/wordpress\/wp-json\/wp\/v2\/tags?post=2575"}],"curies":[{"name":"wp","href":"https:\/\/api.w.org\/{rel}","templated":true}]}}