{"id":2574,"date":"2013-08-28T12:35:19","date_gmt":"2013-08-28T11:35:19","guid":{"rendered":"http:\/\/www.caths.cz\/wordpress\/?p=2574"},"modified":"2013-08-28T12:35:19","modified_gmt":"2013-08-28T11:35:19","slug":"cyklisticky-tym-je-jiz-v-kanade-kompletni","status":"publish","type":"post","link":"https:\/\/www.caths.cz\/wordpress\/cyklisticky-tym-je-jiz-v-kanade-kompletni\/","title":{"rendered":"Cyklistick\u00fd t\u00fdm je ji\u017e v Kanad\u011b kompletn\u00ed"},"content":{"rendered":"<p>V pond\u011bl\u00ed odpoledne odcestovala do d\u011bji\u0161t\u011b leto\u0161n\u00edho mistrovstv\u00ed sv\u011bta v cyklistice i druh\u00e1 \u010d\u00e1st t\u00fdmu. Do vzd\u00e1len\u00e9ho m\u011bste\u010dka Baie Comeau ve v\u00fdchodn\u00ed \u010d\u00e1sti Kanady je nelehk\u00e1 cesta. Pod\u00edvejte se na kr\u00e1tkou fotoreport\u00e1\u017e, kter\u00e1 vznikla v pr\u016fb\u011bhu 24 hodin cesty.Jak u\u017e u cyklist\u016f b\u00fdv\u00e1 zvykem, necestuj\u00ed pr\u00e1v\u011b nalehko. Na leti\u0161ti v Montrealu tomu nebylo jinak. <br \/> <img decoding=\"async\" src=\"\/wordpress\/image\/sekretarky\/cyklistika\/ms baie comeau\/001.jpg\"> <\/p>\n<p> T\u00fdm se musel z Montrealu p\u0159esunout o dal\u0161\u00edch 650 km na sever. Do nejv\u011bt\u0161\u00edho auta, kter\u00e9 m\u011bli v p\u016fj\u010dovn\u011b, nebylo jednoduch\u00e9 &#8222;narvat&#8220; v\u0161echen cyklistick\u00fd materi\u00e1l a zavazadla.<br \/> <img decoding=\"async\" src=\"\/wordpress\/image\/sekretarky\/cyklistika\/ms baie comeau\/002.jpg\"> <\/p>\n<p> <img decoding=\"async\" src=\"\/wordpress\/image\/sekretarky\/cyklistika\/ms baie comeau\/003.jpg\"> <\/p>\n<p> Jak vidno na fotorgafii, vypln\u011bn byl ka\u017ed\u00fd kousek m\u00edsta v aut\u011b v\u010detn\u011b voln\u00fdch nohou cestuj\u00edc\u00edch<br \/> <img decoding=\"async\" src=\"\/wordpress\/image\/sekretarky\/cyklistika\/ms baie comeau\/004.jpg\"> <\/p>\n<p> <img decoding=\"async\" src=\"\/wordpress\/image\/sekretarky\/cyklistika\/ms baie comeau\/005.jpg\"> <\/p>\n<p> Jedna z &#8222;povinn\u00fdch&#8220; zast\u00e1vek na dlouh\u00e9 cest\u011b<br \/> <img decoding=\"async\" src=\"\/wordpress\/image\/sekretarky\/cyklistika\/ms baie comeau\/006.jpg\"> <\/p>\n<p> Po v\u00fdchodu slunce se objevila kanadsk\u00e1 p\u0159\u00edroda v pln\u00e9 kr\u00e1se. Cesta hned l\u00e9pe ub\u00edhala.<br \/> <img decoding=\"async\" src=\"\/wordpress\/image\/sekretarky\/cyklistika\/ms baie comeau\/007.jpg\"> <\/p>\n<p> <img decoding=\"async\" src=\"\/wordpress\/image\/sekretarky\/cyklistika\/ms baie comeau\/008.jpg\"> <\/p>\n<p> Trajekt p\u0159es jezero byl p\u0159\u00edjemn\u00fdm zpest\u0159en\u00edm<br \/> <img decoding=\"async\" src=\"\/wordpress\/image\/sekretarky\/cyklistika\/ms baie comeau\/009.jpg\"> <\/p>\n<p> <img decoding=\"async\" src=\"\/wordpress\/image\/sekretarky\/cyklistika\/ms baie comeau\/010.jpg\"> <\/p>\n<p> Welcome in Canada. Dr\u017ete palce! \ud83d\ude42 <img decoding=\"async\" src=\"\/wordpress\/image\/sekretarky\/cyklistika\/ms baie comeau\/011.jpg\"> <\/p>\n","protected":false},"excerpt":{"rendered":"<a href=\"https:\/\/www.caths.cz\/wordpress\/cyklisticky-tym-je-jiz-v-kanade-kompletni\/\"><img loading=\"lazy\" decoding=\"async\" width=\"100\" height=\"100\" src=\"https:\/\/www.caths.cz\/wordpress\/wp-content\/plugins\/thumbnail-for-excerpts\/tfe_no_thumb.png\" class=\"alignleft wp-post-image tfe\" alt=\"\" title=\"\" \/><\/a><p>V pond\u011bl\u00ed odpoledne odcestovala do d\u011bji\u0161t\u011b leto\u0161n\u00edho mistrovstv\u00ed sv\u011bta v cyklistice i druh\u00e1 \u010d\u00e1st t\u00fdmu. Do vzd\u00e1len\u00e9ho m\u011bste\u010dka Baie Comeau ve v\u00fdchodn\u00ed \u010d\u00e1sti Kanady je nelehk\u00e1 cesta. Pod\u00edvejte se na [&hellip;]<\/p>\n","protected":false},"author":1,"featured_media":0,"comment_status":"closed","ping_status":"closed","sticky":false,"template":"","format":"standard","meta":{"ngg_post_thumbnail":0,"footnotes":""},"categories":[2],"tags":[],"class_list":["post-2574","post","type-post","status-publish","format-standard","hentry","category-cyklistika"],"_links":{"self":[{"href":"https:\/\/www.caths.cz\/wordpress\/wp-json\/wp\/v2\/posts\/2574","targetHints":{"allow":["GET"]}}],"collection":[{"href":"https:\/\/www.caths.cz\/wordpress\/wp-json\/wp\/v2\/posts"}],"about":[{"href":"https:\/\/www.caths.cz\/wordpress\/wp-json\/wp\/v2\/types\/post"}],"author":[{"embeddable":true,"href":"https:\/\/www.caths.cz\/wordpress\/wp-json\/wp\/v2\/users\/1"}],"replies":[{"embeddable":true,"href":"https:\/\/www.caths.cz\/wordpress\/wp-json\/wp\/v2\/comments?post=2574"}],"version-history":[{"count":0,"href":"https:\/\/www.caths.cz\/wordpress\/wp-json\/wp\/v2\/posts\/2574\/revisions"}],"wp:attachment":[{"href":"https:\/\/www.caths.cz\/wordpress\/wp-json\/wp\/v2\/media?parent=2574"}],"wp:term":[{"taxonomy":"category","embeddable":true,"href":"https:\/\/www.caths.cz\/wordpress\/wp-json\/wp\/v2\/categories?post=2574"},{"taxonomy":"post_tag","embeddable":true,"href":"https:\/\/www.caths.cz\/wordpress\/wp-json\/wp\/v2\/tags?post=2574"}],"curies":[{"name":"wp","href":"https:\/\/api.w.org\/{rel}","templated":true}]}}