{"id":2573,"date":"2013-08-25T22:48:43","date_gmt":"2013-08-25T21:48:43","guid":{"rendered":"http:\/\/www.caths.cz\/wordpress\/?p=2573"},"modified":"2013-08-25T22:48:43","modified_gmt":"2013-08-25T21:48:43","slug":"jiri-jezek-se-stal-celkovym-vitezem-svetoveho-poharu-paracycling-world-cup-2013","status":"publish","type":"post","link":"https:\/\/www.caths.cz\/wordpress\/jiri-jezek-se-stal-celkovym-vitezem-svetoveho-poharu-paracycling-world-cup-2013\/","title":{"rendered":"Ji\u0159\u00ed Je\u017eek se stal celkov\u00fdm v\u00edt\u011bzem sv\u011btov\u00e9ho poh\u00e1ru Paracycling World Cup 2013"},"content":{"rendered":"<p>Dal\u0161\u00ed historick\u00fd \u00fasp\u011bch zaznamenal Ji\u0159\u00ed Je\u017eek sv\u00fdm, v \u0159ad\u011b ji\u017e t\u0159et\u00edm, celkov\u00fdm v\u00edt\u011bzstv\u00edm ve sv\u011btov\u00e9m poh\u00e1ru v cyklistice handicapovan\u00fdch, co\u017e se doposud nepoda\u0159ilo \u017e\u00e1dn\u00e9mu paralympijsk\u00e9mu cyklistovi nap\u0159\u00ed\u010d v\u0161emi kategoriemiV ned\u011bli 25.8.2013 na sv\u011btov\u00e9m poh\u00e1ru v kanadsk\u00e9m Matane dojel Jirka v silni\u010dn\u00edm z\u00e1vod\u011b na skv\u011bl\u00e9m \u0161est\u00e9m m\u00edst\u011b, kter\u00e9 upevnilo jeho prvenstv\u00ed v seri\u00e1lu SP a znamenalo celkov\u00e9 v\u00edt\u011bzstv\u00ed v ro\u010dn\u00edku 2013.<\/p>\n<p> Po p\u0159evzet\u00ed k\u0159i\u0161\u0165\u00e1lov\u00e9ho poh\u00e1ru n\u00e1m Jirka \u0159ekl:<em>&#8222;Dne\u0161n\u00edm 6.m\u00edstem v silni\u010dn\u00edm z\u00e1vod\u011b jsem mohl t\u0159et\u00ed rok v \u0159ad\u011b p\u0159evz\u00edt sklen\u011bnou trofej a b\u00edl\u00fd trikot! Byl to jeden z nejv\u011bt\u0161\u00edch c\u00edl\u016f leto\u0161n\u00ed sez\u00f3ny!!!<br \/> P\u0159\u00ed\u0161t\u00ed t\u00fdden m\u011b je\u0161t\u011b \u010dek\u00e1 mistrovstv\u00ed sv\u011bta&#8230; Jak\u00fdkoli \u00fasp\u011bch tam bude u\u017e jen p\u0159\u00edjemn\u00fd bonus&#8230;!!!&#8220;<\/em> <\/p>\n<p> Na sv\u011btov\u00fd poh\u00e1r navazuje v p\u0159\u00ed\u0161t\u00edm t\u00fddnu mistrovstv\u00ed sv\u011bta v kanadsk\u00e9m Baie Comeau, jeho\u017e program za\u010d\u00edn\u00e1 ji\u017e ve \u010dtvrtek 29.8.2013. K Ji\u0159\u00edmu Je\u017ekovi se v \u00fater\u00fd p\u0159ipoj\u00ed zbytek t\u00fdmu t\u011blesn\u011b handicapovan\u00fdch cyklist\u016f v\u010detn\u011b paralympijsk\u00e9 medailistky z Lond\u00fdna Terezy Diepoldov\u00e9. <\/p>\n<p> <img decoding=\"async\" src=\"\/wordpress\/image\/sekretarky\/cyklistika\/sp matane\/jezek_SP_celk.jpg\"><\/p>\n","protected":false},"excerpt":{"rendered":"<a href=\"https:\/\/www.caths.cz\/wordpress\/jiri-jezek-se-stal-celkovym-vitezem-svetoveho-poharu-paracycling-world-cup-2013\/\"><img loading=\"lazy\" decoding=\"async\" width=\"100\" height=\"100\" src=\"https:\/\/www.caths.cz\/wordpress\/wp-content\/plugins\/thumbnail-for-excerpts\/tfe_no_thumb.png\" class=\"alignleft wp-post-image tfe\" alt=\"\" title=\"\" \/><\/a><p>Dal\u0161\u00ed historick\u00fd \u00fasp\u011bch zaznamenal Ji\u0159\u00ed Je\u017eek sv\u00fdm, v \u0159ad\u011b ji\u017e t\u0159et\u00edm, celkov\u00fdm v\u00edt\u011bzstv\u00edm ve sv\u011btov\u00e9m poh\u00e1ru v cyklistice handicapovan\u00fdch, co\u017e se doposud nepoda\u0159ilo \u017e\u00e1dn\u00e9mu paralympijsk\u00e9mu cyklistovi nap\u0159\u00ed\u010d v\u0161emi kategoriemiV ned\u011bli [&hellip;]<\/p>\n","protected":false},"author":1,"featured_media":0,"comment_status":"closed","ping_status":"closed","sticky":false,"template":"","format":"standard","meta":{"ngg_post_thumbnail":0,"footnotes":""},"categories":[2],"tags":[],"class_list":["post-2573","post","type-post","status-publish","format-standard","hentry","category-cyklistika"],"_links":{"self":[{"href":"https:\/\/www.caths.cz\/wordpress\/wp-json\/wp\/v2\/posts\/2573","targetHints":{"allow":["GET"]}}],"collection":[{"href":"https:\/\/www.caths.cz\/wordpress\/wp-json\/wp\/v2\/posts"}],"about":[{"href":"https:\/\/www.caths.cz\/wordpress\/wp-json\/wp\/v2\/types\/post"}],"author":[{"embeddable":true,"href":"https:\/\/www.caths.cz\/wordpress\/wp-json\/wp\/v2\/users\/1"}],"replies":[{"embeddable":true,"href":"https:\/\/www.caths.cz\/wordpress\/wp-json\/wp\/v2\/comments?post=2573"}],"version-history":[{"count":0,"href":"https:\/\/www.caths.cz\/wordpress\/wp-json\/wp\/v2\/posts\/2573\/revisions"}],"wp:attachment":[{"href":"https:\/\/www.caths.cz\/wordpress\/wp-json\/wp\/v2\/media?parent=2573"}],"wp:term":[{"taxonomy":"category","embeddable":true,"href":"https:\/\/www.caths.cz\/wordpress\/wp-json\/wp\/v2\/categories?post=2573"},{"taxonomy":"post_tag","embeddable":true,"href":"https:\/\/www.caths.cz\/wordpress\/wp-json\/wp\/v2\/tags?post=2573"}],"curies":[{"name":"wp","href":"https:\/\/api.w.org\/{rel}","templated":true}]}}