{"id":2572,"date":"2013-08-25T19:21:22","date_gmt":"2013-08-25T18:21:22","guid":{"rendered":"http:\/\/www.caths.cz\/wordpress\/?p=2572"},"modified":"2013-08-25T19:21:22","modified_gmt":"2013-08-25T18:21:22","slug":"cesky-strelec-marcan-byl-uspesny-na-sp-v-bangkoku","status":"publish","type":"post","link":"https:\/\/www.caths.cz\/wordpress\/cesky-strelec-marcan-byl-uspesny-na-sp-v-bangkoku\/","title":{"rendered":"\u010cesk\u00fd st\u0159elec Mar\u010dan byl \u00fasp\u011b\u0161n\u00fd na SP v Bangkoku"},"content":{"rendered":"<p>Vladim\u00edr Mar\u010dan p\u0159ivezl ze sv\u011btov\u00e9ho poh\u00e1ru v Bangkoku bronzovou medaili a jako jedin\u00fd \u010desk\u00fd reprezentant spln\u011bn\u00fd limit k \u00fa\u010dasti na \u0159\u00edjnov\u00e9 ME 2013 ve sportovn\u00ed st\u0159elb\u011b.Sv\u011btov\u00e9ho poh\u00e1ru ve st\u0159elb\u011b po\u0159\u00e1dan\u00e9ho v thajsk\u00e9m Bangkoku, kter\u00fd se konal 11. \u2013 20. 8. se z\u00fa\u010dastnilo 125 st\u0159elc\u016f z 21 st\u00e1t\u016f z cel\u00e9ho sv\u011bta. <br \/> Vladim\u00edr Mar\u010dan vycestoval na tento sv\u011btov\u00fd poh\u00e1r s c\u00edlem splnit limit na ME 2013 v discipl\u00edn\u011b P3 &#8211; sportovn\u00ed pistole 30+30 ran na 25 metr\u016f. V nelehk\u00fdch klimatick\u00fdch podm\u00ednk\u00e1ch, hned 3. den po p\u0159\u00edletu startoval v t\u00e9to discipl\u00edn\u011b a s celkov\u00fdm n\u00e1st\u0159elem 534 bod\u016f splnil limit na ME, skon\u010dil v prvn\u00ed p\u016fli startovn\u00edho pole a obsadil celkov\u00e9 17. m\u00edsto. <br \/> T\u0159e\u0161ni\u010dkou na dortu byl start v discipl\u00edn\u011b P5 \u2013 standardn\u00ed vzduchov\u00e1 pistole 40 ran na 10 metr\u016f kde po zisku 306 bod\u016f obsadil 3. m\u00edsto a p\u0159ivezl si dom\u016f bronzovou medaili. <\/p>\n<p> <img decoding=\"async\" src=\"\/wordpress\/image\/sekretarky\/strelba\/sp bangkok\/SP Bangkok 1.jpg\"><\/p>\n<p> <img decoding=\"async\" src=\"\/wordpress\/image\/sekretarky\/strelba\/sp bangkok\/SP Bangkok 2.jpg\"><\/p>\n<p> <img decoding=\"async\" src=\"\/wordpress\/image\/sekretarky\/strelba\/sp bangkok\/SP Bangkok 3.jpg\"><\/p>\n","protected":false},"excerpt":{"rendered":"<a href=\"https:\/\/www.caths.cz\/wordpress\/cesky-strelec-marcan-byl-uspesny-na-sp-v-bangkoku\/\"><img loading=\"lazy\" decoding=\"async\" width=\"100\" height=\"100\" src=\"https:\/\/www.caths.cz\/wordpress\/wp-content\/plugins\/thumbnail-for-excerpts\/tfe_no_thumb.png\" class=\"alignleft wp-post-image tfe\" alt=\"\" title=\"\" \/><\/a><p>Vladim\u00edr Mar\u010dan p\u0159ivezl ze sv\u011btov\u00e9ho poh\u00e1ru v Bangkoku bronzovou medaili a jako jedin\u00fd \u010desk\u00fd reprezentant spln\u011bn\u00fd limit k \u00fa\u010dasti na \u0159\u00edjnov\u00e9 ME 2013 ve sportovn\u00ed st\u0159elb\u011b.Sv\u011btov\u00e9ho poh\u00e1ru ve st\u0159elb\u011b po\u0159\u00e1dan\u00e9ho [&hellip;]<\/p>\n","protected":false},"author":1,"featured_media":0,"comment_status":"closed","ping_status":"closed","sticky":false,"template":"","format":"standard","meta":{"ngg_post_thumbnail":0,"footnotes":""},"categories":[18],"tags":[],"class_list":["post-2572","post","type-post","status-publish","format-standard","hentry","category-strelba"],"_links":{"self":[{"href":"https:\/\/www.caths.cz\/wordpress\/wp-json\/wp\/v2\/posts\/2572","targetHints":{"allow":["GET"]}}],"collection":[{"href":"https:\/\/www.caths.cz\/wordpress\/wp-json\/wp\/v2\/posts"}],"about":[{"href":"https:\/\/www.caths.cz\/wordpress\/wp-json\/wp\/v2\/types\/post"}],"author":[{"embeddable":true,"href":"https:\/\/www.caths.cz\/wordpress\/wp-json\/wp\/v2\/users\/1"}],"replies":[{"embeddable":true,"href":"https:\/\/www.caths.cz\/wordpress\/wp-json\/wp\/v2\/comments?post=2572"}],"version-history":[{"count":0,"href":"https:\/\/www.caths.cz\/wordpress\/wp-json\/wp\/v2\/posts\/2572\/revisions"}],"wp:attachment":[{"href":"https:\/\/www.caths.cz\/wordpress\/wp-json\/wp\/v2\/media?parent=2572"}],"wp:term":[{"taxonomy":"category","embeddable":true,"href":"https:\/\/www.caths.cz\/wordpress\/wp-json\/wp\/v2\/categories?post=2572"},{"taxonomy":"post_tag","embeddable":true,"href":"https:\/\/www.caths.cz\/wordpress\/wp-json\/wp\/v2\/tags?post=2572"}],"curies":[{"name":"wp","href":"https:\/\/api.w.org\/{rel}","templated":true}]}}