{"id":2566,"date":"2013-08-21T09:52:32","date_gmt":"2013-08-21T08:52:32","guid":{"rendered":"http:\/\/www.caths.cz\/wordpress\/?p=2566"},"modified":"2013-08-21T09:52:32","modified_gmt":"2013-08-21T08:52:32","slug":"nova-anketni-otazka-podari-se-jirkovi-jezkovi-double-roku-2013-zisk-svetoveho-poharu-a-titul-mistra-sveta","status":"publish","type":"post","link":"https:\/\/www.caths.cz\/wordpress\/nova-anketni-otazka-podari-se-jirkovi-jezkovi-double-roku-2013-zisk-svetoveho-poharu-a-titul-mistra-sveta\/","title":{"rendered":"Nov\u00e1 anketn\u00ed ot\u00e1zka: Poda\u0159\u00ed se Jirkovi Je\u017ekovi double roku 2013 \u2013 zisk sv\u011btov\u00e9ho poh\u00e1ru a titul mistra sv\u011bta?"},"content":{"rendered":"<p align=\"justify\">\nTentokr\u00e1t v\u00e1m p\u0159edkl\u00e1d\u00e1me skute\u010dn\u011b \u010f\u00e1belskou anketn\u00ed ot\u00e1zku \u2013 z\u00edsk\u00e1 Jirka Je\u017eek sv\u016fj t\u0159et\u00ed k\u0159i\u0161\u0165\u00e1lov\u00fd sv\u011btov\u00fd poh\u00e1r v \u0159ad\u011b a je\u0161t\u011b k tomu titul mistra sv\u011bta?<br \/>\nNej\u00fasp\u011b\u0161n\u011bj\u0161\u00ed handicapovan\u00fd cyklista sv\u011bta u\u017e mnohokr\u00e1t potvrdil, \u017ee pro n\u011bj nic nen\u00ed nemo\u017en\u00e9 a podle z\u00e1kulisn\u00edch informac\u00ed m\u00e1 excelentn\u00ed formu.<br \/>\nP\u0159ed rokem jste takto hlasovali, zda Jirka z\u00edsk\u00e1 sv\u00e9 \u0161est\u00e9 paralympijsk\u00e9 zlato, pamatujete&#8230;? \ud83d\ude42<br \/>\n<br \/>\nHlasujte tedy i nyn\u00ed v na\u0161\u00ed ANKET\u011a!<\/p>\n","protected":false},"excerpt":{"rendered":"<a href=\"https:\/\/www.caths.cz\/wordpress\/nova-anketni-otazka-podari-se-jirkovi-jezkovi-double-roku-2013-zisk-svetoveho-poharu-a-titul-mistra-sveta\/\"><img loading=\"lazy\" decoding=\"async\" width=\"100\" height=\"100\" src=\"https:\/\/www.caths.cz\/wordpress\/wp-content\/plugins\/thumbnail-for-excerpts\/tfe_no_thumb.png\" class=\"alignleft wp-post-image tfe\" alt=\"\" title=\"\" \/><\/a><p>Tentokr\u00e1t v\u00e1m p\u0159edkl\u00e1d\u00e1me skute\u010dn\u011b \u010f\u00e1belskou anketn\u00ed ot\u00e1zku \u2013 z\u00edsk\u00e1 Jirka Je\u017eek sv\u016fj t\u0159et\u00ed k\u0159i\u0161\u0165\u00e1lov\u00fd sv\u011btov\u00fd poh\u00e1r v \u0159ad\u011b a je\u0161t\u011b k tomu titul mistra sv\u011bta? Nej\u00fasp\u011b\u0161n\u011bj\u0161\u00ed handicapovan\u00fd cyklista sv\u011bta u\u017e [&hellip;]<\/p>\n","protected":false},"author":1,"featured_media":0,"comment_status":"closed","ping_status":"closed","sticky":false,"template":"","format":"standard","meta":{"ngg_post_thumbnail":0,"footnotes":""},"categories":[39],"tags":[],"class_list":["post-2566","post","type-post","status-publish","format-standard","hentry","category-caths-anketa"],"_links":{"self":[{"href":"https:\/\/www.caths.cz\/wordpress\/wp-json\/wp\/v2\/posts\/2566","targetHints":{"allow":["GET"]}}],"collection":[{"href":"https:\/\/www.caths.cz\/wordpress\/wp-json\/wp\/v2\/posts"}],"about":[{"href":"https:\/\/www.caths.cz\/wordpress\/wp-json\/wp\/v2\/types\/post"}],"author":[{"embeddable":true,"href":"https:\/\/www.caths.cz\/wordpress\/wp-json\/wp\/v2\/users\/1"}],"replies":[{"embeddable":true,"href":"https:\/\/www.caths.cz\/wordpress\/wp-json\/wp\/v2\/comments?post=2566"}],"version-history":[{"count":0,"href":"https:\/\/www.caths.cz\/wordpress\/wp-json\/wp\/v2\/posts\/2566\/revisions"}],"wp:attachment":[{"href":"https:\/\/www.caths.cz\/wordpress\/wp-json\/wp\/v2\/media?parent=2566"}],"wp:term":[{"taxonomy":"category","embeddable":true,"href":"https:\/\/www.caths.cz\/wordpress\/wp-json\/wp\/v2\/categories?post=2566"},{"taxonomy":"post_tag","embeddable":true,"href":"https:\/\/www.caths.cz\/wordpress\/wp-json\/wp\/v2\/tags?post=2566"}],"curies":[{"name":"wp","href":"https:\/\/api.w.org\/{rel}","templated":true}]}}