{"id":2565,"date":"2013-08-20T09:40:40","date_gmt":"2013-08-20T08:40:40","guid":{"rendered":"http:\/\/www.caths.cz\/wordpress\/?p=2565"},"modified":"2013-08-20T09:40:40","modified_gmt":"2013-08-20T08:40:40","slug":"atleticky-mitink-czech-open-olomouc-2013","status":"publish","type":"post","link":"https:\/\/www.caths.cz\/wordpress\/atleticky-mitink-czech-open-olomouc-2013\/","title":{"rendered":"Atletick\u00fd m\u00edtink Czech Open Olomouc 2013"},"content":{"rendered":"<p>Ji\u017e za dva dny vypukne v han\u00e1ck\u00e9 metropoli Olomouci tradi\u010dn\u00ed mezin\u00e1rodn\u00ed atletick\u00fd m\u00edtink CZECH OPEN 2013. P\u0159ihl\u00e1\u0161eno je v\u00edce ne\u017e 300 atlet\u016f z 15 zem\u00ed. Po\u0159adatel\u00e9 p\u0159iv\u00edtaj\u00ed atlety i z tak vzd\u00e1len\u00fdch zem\u00ed jako je Izrael \u010di Kamerun. Program m\u00edtinku za\u010dne ji\u017e ve st\u0159edu klasifikacemi, kdy mezin\u00e1rodn\u00ed panel klasifik\u00e1tor\u016f m\u00e1 p\u0159ed sebou t\u011b\u017ek\u00fd \u00fakol \u2013 oklasifikovat 40 atlet\u016f. Slavnostn\u00ed zah\u00e1jen\u00ed prob\u011bhne v p\u00e1tek 23.8.2013 v 9:00 hod na Atletick\u00e9m stadionu v Olomouci. <\/p>\n<p> D\u016fle\u017eit\u00e9 informace najdete na str\u00e1nk\u00e1ch \u0161ampion\u00e1tu <a href=\"http:\/\/czechopen.atletikaolomouc.cz\/manual_cz.html\" target=\"_blank\"> zde<\/a>. <\/p>\n<p> Bulletin Czech Open 2013 naleznete <a href=\"http:\/\/www.caths.cz\/storage\/atletika\/czech open 2013\/bulletin2cz.pdf\" target=\"_blank\"> zde<\/a> <\/p>\n<p> <img decoding=\"async\" src=\"\/wordpress\/image\/sekretarky\/atletika\/czech open 2013\/czech open_letak.jpg\"><\/p>\n","protected":false},"excerpt":{"rendered":"<a href=\"https:\/\/www.caths.cz\/wordpress\/atleticky-mitink-czech-open-olomouc-2013\/\"><img loading=\"lazy\" decoding=\"async\" width=\"100\" height=\"100\" src=\"https:\/\/www.caths.cz\/wordpress\/wp-content\/plugins\/thumbnail-for-excerpts\/tfe_no_thumb.png\" class=\"alignleft wp-post-image tfe\" alt=\"\" title=\"\" \/><\/a><p>Ji\u017e za dva dny vypukne v han\u00e1ck\u00e9 metropoli Olomouci tradi\u010dn\u00ed mezin\u00e1rodn\u00ed atletick\u00fd m\u00edtink CZECH OPEN 2013. P\u0159ihl\u00e1\u0161eno je v\u00edce ne\u017e 300 atlet\u016f z 15 zem\u00ed. Po\u0159adatel\u00e9 p\u0159iv\u00edtaj\u00ed atlety i z [&hellip;]<\/p>\n","protected":false},"author":1,"featured_media":0,"comment_status":"closed","ping_status":"closed","sticky":false,"template":"","format":"standard","meta":{"ngg_post_thumbnail":0,"footnotes":""},"categories":[5],"tags":[],"class_list":["post-2565","post","type-post","status-publish","format-standard","hentry","category-atletika"],"_links":{"self":[{"href":"https:\/\/www.caths.cz\/wordpress\/wp-json\/wp\/v2\/posts\/2565","targetHints":{"allow":["GET"]}}],"collection":[{"href":"https:\/\/www.caths.cz\/wordpress\/wp-json\/wp\/v2\/posts"}],"about":[{"href":"https:\/\/www.caths.cz\/wordpress\/wp-json\/wp\/v2\/types\/post"}],"author":[{"embeddable":true,"href":"https:\/\/www.caths.cz\/wordpress\/wp-json\/wp\/v2\/users\/1"}],"replies":[{"embeddable":true,"href":"https:\/\/www.caths.cz\/wordpress\/wp-json\/wp\/v2\/comments?post=2565"}],"version-history":[{"count":0,"href":"https:\/\/www.caths.cz\/wordpress\/wp-json\/wp\/v2\/posts\/2565\/revisions"}],"wp:attachment":[{"href":"https:\/\/www.caths.cz\/wordpress\/wp-json\/wp\/v2\/media?parent=2565"}],"wp:term":[{"taxonomy":"category","embeddable":true,"href":"https:\/\/www.caths.cz\/wordpress\/wp-json\/wp\/v2\/categories?post=2565"},{"taxonomy":"post_tag","embeddable":true,"href":"https:\/\/www.caths.cz\/wordpress\/wp-json\/wp\/v2\/tags?post=2565"}],"curies":[{"name":"wp","href":"https:\/\/api.w.org\/{rel}","templated":true}]}}