{"id":2564,"date":"2013-08-19T21:34:23","date_gmt":"2013-08-19T20:34:23","guid":{"rendered":"http:\/\/www.caths.cz\/wordpress\/?p=2564"},"modified":"2013-08-19T21:34:23","modified_gmt":"2013-08-19T20:34:23","slug":"jiri-jezek-odleta-do-kanady-bojovat-o-treti-vitezstvi-ve-svetovem-poharu-v-rade","status":"publish","type":"post","link":"https:\/\/www.caths.cz\/wordpress\/jiri-jezek-odleta-do-kanady-bojovat-o-treti-vitezstvi-ve-svetovem-poharu-v-rade\/","title":{"rendered":"Ji\u0159\u00ed Je\u017eek odl\u00e9t\u00e1 do Kanady bojovat o t\u0159et\u00ed v\u00edt\u011bzstv\u00ed ve Sv\u011btov\u00e9m poh\u00e1ru v \u0159ad\u011b"},"content":{"rendered":"<p>Jirka Je\u017eek odcestoval do kanadsk\u00e9ho Matane, k fin\u00e1lov\u00e9mu z\u00e1vodu Sv\u011btov\u00e9ho poh\u00e1ru. Jirka bude obhajovat lo\u0148sk\u00e9 i p\u0159edlo\u0148sk\u00e9 celkov\u00e9 v\u00edt\u011bzstv\u00ed a pokud by se mu to poda\u0159ilo, stal by se jedin\u00fdm cyklistou sv\u00e9 kategorie, kter\u00fd vybojoval v\u00edt\u011bzstv\u00ed ve v\u0161ech ro\u010dn\u00edc\u00edch Sv\u011btov\u00e9ho poh\u00e1ru handicapovan\u00fdch cyklist\u016f v jeho teprve t\u0159\u00edlet\u00e9 historii.<\/p>\n<p><em>Ji\u0159\u00ed Je\u017eek bude do z\u00e1vodu nastupovat v b\u00edl\u00e9m dresu vedouc\u00edho z\u00e1vodn\u00edka celkov\u00e9ho po\u0159ad\u00ed a podle vlastn\u00edch slov m\u00e1 jednoduchou taktiku: \u201epokus\u00edm se co mo\u017en\u00e1 nejl\u00e9pe zajet \u010dasovku, abych si upevnil celkov\u00e9 veden\u00ed a v silni\u010dn\u00edm z\u00e1vod\u011b pojedu s c\u00edlem udr\u017eet b\u00edl\u00fd dres vedouc\u00edho z\u00e1vodn\u00edka Sv\u011btov\u00e9ho poh\u00e1ru\u201c . <\/em> <\/p>\n<p> <img decoding=\"async\" src=\"\/wordpress\/image\/sekretarky\/cyklistika\/jezek letiste.jpg\"> <\/p>\n<p> Je\u0161t\u011b nikdy nem\u011bla cyklistika \u010cATHS tak mal\u00e9 zastoupen\u00ed na z\u00e1vod\u011b Sv\u011btov\u00e9ho poh\u00e1ru. V d\u016fsledku sn\u00ed\u017een\u00ed financ\u00ed pro \u010cATHS neodcestovali na z\u00e1vod Sv\u011btov\u00e9ho poh\u00e1ru dal\u0161\u00ed na\u0161i reprezentanti, kte\u0159\u00ed m\u011bli \u0161anci na medailov\u00e9 um\u00edst\u011bn\u00ed, st\u0159\u00edbrn\u00e1 medailistka z Lond\u00fdna a v\u00edt\u011bzka \u00favodn\u00edho podniku Sv\u011btov\u00e9ho poh\u00e1ru Tereza Diepoldov\u00e1 a Pavel Folt\u00fdn, kter\u00fd rovn\u011b\u017e dok\u00e1zal vyhr\u00e1t \u00favodn\u00ed z\u00e1vodu Sv\u011btov\u00e9ho poh\u00e1ru. <\/p>\n<p> Na fin\u00e1lov\u00fd z\u00e1vod Sv\u011btov\u00e9ho poh\u00e1ru navazuje Mistrovstv\u00ed sv\u011bta, kter\u00e9 se uskute\u010dn\u00ed v n\u00e1sleduj\u00edc\u00edm t\u00fddnu v tradi\u010dn\u00edm Baie Comeau.<\/p>\n","protected":false},"excerpt":{"rendered":"<a href=\"https:\/\/www.caths.cz\/wordpress\/jiri-jezek-odleta-do-kanady-bojovat-o-treti-vitezstvi-ve-svetovem-poharu-v-rade\/\"><img loading=\"lazy\" decoding=\"async\" width=\"100\" height=\"100\" src=\"https:\/\/www.caths.cz\/wordpress\/wp-content\/plugins\/thumbnail-for-excerpts\/tfe_no_thumb.png\" class=\"alignleft wp-post-image tfe\" alt=\"\" title=\"\" \/><\/a><p>Jirka Je\u017eek odcestoval do kanadsk\u00e9ho Matane, k fin\u00e1lov\u00e9mu z\u00e1vodu Sv\u011btov\u00e9ho poh\u00e1ru. Jirka bude obhajovat lo\u0148sk\u00e9 i p\u0159edlo\u0148sk\u00e9 celkov\u00e9 v\u00edt\u011bzstv\u00ed a pokud by se mu to poda\u0159ilo, stal by se jedin\u00fdm [&hellip;]<\/p>\n","protected":false},"author":1,"featured_media":0,"comment_status":"closed","ping_status":"closed","sticky":false,"template":"","format":"standard","meta":{"ngg_post_thumbnail":0,"footnotes":""},"categories":[2],"tags":[],"class_list":["post-2564","post","type-post","status-publish","format-standard","hentry","category-cyklistika"],"_links":{"self":[{"href":"https:\/\/www.caths.cz\/wordpress\/wp-json\/wp\/v2\/posts\/2564","targetHints":{"allow":["GET"]}}],"collection":[{"href":"https:\/\/www.caths.cz\/wordpress\/wp-json\/wp\/v2\/posts"}],"about":[{"href":"https:\/\/www.caths.cz\/wordpress\/wp-json\/wp\/v2\/types\/post"}],"author":[{"embeddable":true,"href":"https:\/\/www.caths.cz\/wordpress\/wp-json\/wp\/v2\/users\/1"}],"replies":[{"embeddable":true,"href":"https:\/\/www.caths.cz\/wordpress\/wp-json\/wp\/v2\/comments?post=2564"}],"version-history":[{"count":0,"href":"https:\/\/www.caths.cz\/wordpress\/wp-json\/wp\/v2\/posts\/2564\/revisions"}],"wp:attachment":[{"href":"https:\/\/www.caths.cz\/wordpress\/wp-json\/wp\/v2\/media?parent=2564"}],"wp:term":[{"taxonomy":"category","embeddable":true,"href":"https:\/\/www.caths.cz\/wordpress\/wp-json\/wp\/v2\/categories?post=2564"},{"taxonomy":"post_tag","embeddable":true,"href":"https:\/\/www.caths.cz\/wordpress\/wp-json\/wp\/v2\/tags?post=2564"}],"curies":[{"name":"wp","href":"https:\/\/api.w.org\/{rel}","templated":true}]}}