{"id":2549,"date":"2013-07-23T16:16:27","date_gmt":"2013-07-23T15:16:27","guid":{"rendered":"http:\/\/www.caths.cz\/wordpress\/?p=2549"},"modified":"2013-07-23T16:16:27","modified_gmt":"2013-07-23T15:16:27","slug":"atleticke-mistrovstvi-sveta-v-plnem-proudu","status":"publish","type":"post","link":"https:\/\/www.caths.cz\/wordpress\/atleticke-mistrovstvi-sveta-v-plnem-proudu\/","title":{"rendered":"Atletick\u00e9 mistrovstv\u00ed sv\u011bta v pln\u00e9m proudu"},"content":{"rendered":"<p>Za ne\u00faprosn\u00e9ho vedra, kter\u00e9 ve Francii panuje, prob\u00edh\u00e1 ji\u017e \u010dtvrt\u00fd den v Lyonu mistrovstv\u00ed sv\u011bta v atletice. \u010cesk\u00e1 v\u00fdprava m\u00e1 na sv\u00e9m kont\u011b ji\u017e 2 medaile.O prvn\u00ed medaili a to bronzovou se zaslou\u017eila Mirka Sedl\u00e1\u010dkov\u00e1 v b\u011bhu na 800m. Druh\u00fd cenn\u00fd kov \u2013 st\u0159\u00edbro vybojovala Eva Bern\u00e1 v kouli. Ale\u0161 Kis\u00fd, kter\u00fd nastoupil ke sv\u00e9 prvn\u00ed discipl\u00edn\u011b &#8211; vrhu koul\u00ed kategori\u00ed F52\/53, skon\u010dil stejn\u011b jako na paralympi\u00e1d\u011b v Lond\u00fdn\u011b na nepopul\u00e1rn\u00edm \u010dtvrt\u00e9m m\u00edst\u011b. <br \/> Sv\u00e9 sout\u011b\u017ee maj\u00ed za sebou i dva atleti\u010dt\u00ed matado\u0159i Eva Kacanu a Rostislav Pohlmann. Ros\u0165a Pohlmann nem\u011bl sv\u016fj den a bohu\u017eel se v hodu diskem nedostal za 40m hranici a skon\u010dil na dev\u00e1t\u00e9m m\u00edst\u011b. V kouli \u017een kategorie F54 se Eva Kacanu postavila na start spolu s dal\u0161\u00edmi deseti soupe\u0159kami. Do fin\u00e1le se Eva dostala v\u00fdkonem 6m, ale dal\u0161\u00ed pokusy ji\u017e del\u0161\u00ed nebyly a Eva skon\u010dila na sedm\u00e9m m\u00edst\u011b. <br \/> Ke sv\u00e9mu v\u00fdkonu \u0159ekla: .<em>\u201e D\u011blala jsem, co jsem mohla. Sout\u011b\u017e se hrozn\u011b vlekla a na plo\u0161e bylo 35 stup\u0148\u016f. Byl to vy\u010derp\u00e1vaj\u00edc\u00ed z\u00e1vod. Jsem r\u00e1da, \u017ee jsem postoupila do fin\u00e1le a hodila 6m. Na v\u00edc ne\u017e na sedm\u00e9 m\u00edsto to dnes nebylo.\u201c <\/em><\/p>\n","protected":false},"excerpt":{"rendered":"<a href=\"https:\/\/www.caths.cz\/wordpress\/atleticke-mistrovstvi-sveta-v-plnem-proudu\/\"><img loading=\"lazy\" decoding=\"async\" width=\"100\" height=\"100\" src=\"https:\/\/www.caths.cz\/wordpress\/wp-content\/plugins\/thumbnail-for-excerpts\/tfe_no_thumb.png\" class=\"alignleft wp-post-image tfe\" alt=\"\" title=\"\" \/><\/a><p>Za ne\u00faprosn\u00e9ho vedra, kter\u00e9 ve Francii panuje, prob\u00edh\u00e1 ji\u017e \u010dtvrt\u00fd den v Lyonu mistrovstv\u00ed sv\u011bta v atletice. \u010cesk\u00e1 v\u00fdprava m\u00e1 na sv\u00e9m kont\u011b ji\u017e 2 medaile.O prvn\u00ed medaili a to [&hellip;]<\/p>\n","protected":false},"author":1,"featured_media":0,"comment_status":"closed","ping_status":"closed","sticky":false,"template":"","format":"standard","meta":{"ngg_post_thumbnail":0,"footnotes":""},"categories":[5],"tags":[],"class_list":["post-2549","post","type-post","status-publish","format-standard","hentry","category-atletika"],"_links":{"self":[{"href":"https:\/\/www.caths.cz\/wordpress\/wp-json\/wp\/v2\/posts\/2549","targetHints":{"allow":["GET"]}}],"collection":[{"href":"https:\/\/www.caths.cz\/wordpress\/wp-json\/wp\/v2\/posts"}],"about":[{"href":"https:\/\/www.caths.cz\/wordpress\/wp-json\/wp\/v2\/types\/post"}],"author":[{"embeddable":true,"href":"https:\/\/www.caths.cz\/wordpress\/wp-json\/wp\/v2\/users\/1"}],"replies":[{"embeddable":true,"href":"https:\/\/www.caths.cz\/wordpress\/wp-json\/wp\/v2\/comments?post=2549"}],"version-history":[{"count":0,"href":"https:\/\/www.caths.cz\/wordpress\/wp-json\/wp\/v2\/posts\/2549\/revisions"}],"wp:attachment":[{"href":"https:\/\/www.caths.cz\/wordpress\/wp-json\/wp\/v2\/media?parent=2549"}],"wp:term":[{"taxonomy":"category","embeddable":true,"href":"https:\/\/www.caths.cz\/wordpress\/wp-json\/wp\/v2\/categories?post=2549"},{"taxonomy":"post_tag","embeddable":true,"href":"https:\/\/www.caths.cz\/wordpress\/wp-json\/wp\/v2\/tags?post=2549"}],"curies":[{"name":"wp","href":"https:\/\/api.w.org\/{rel}","templated":true}]}}