{"id":2548,"date":"2013-07-19T05:43:20","date_gmt":"2013-07-19T04:43:20","guid":{"rendered":"http:\/\/www.caths.cz\/wordpress\/?p=2548"},"modified":"2013-07-19T05:43:20","modified_gmt":"2013-07-19T04:43:20","slug":"mistrovstvi-sveta-v-atletice-lyon-2013-bude-dnes-slavnostne-zahajeno","status":"publish","type":"post","link":"https:\/\/www.caths.cz\/wordpress\/mistrovstvi-sveta-v-atletice-lyon-2013-bude-dnes-slavnostne-zahajeno\/","title":{"rendered":"Mistrovstv\u00ed sv\u011bta v atletice Lyon 2013 bude dnes slavnostn\u011b zah\u00e1jeno"},"content":{"rendered":"<p align=\"justify\">\nDne\u0161n\u00ed slavnostn\u00ed ceremoni\u00e1l na stadionu Stade du Rhone zah\u00e1j\u00ed atletick\u00e9 mistrovstv\u00ed sv\u011bta ve francouzsk\u00e9m Lyonu. V sobotu 20.7.2013 se pak rozb\u011bhne dev\u00edtidenn\u00ed sout\u011b\u017en\u00ed program, b\u011bhem kter\u00e9ho uvid\u00edme souboje o 214 sad medail\u00ed.\n<\/p>\n<p align=\"justify\"> Jak se ji\u017e stalo zvykem u vrcholn\u00fdch sout\u011b\u017e\u00ed IPC, bude i atletick\u00fd \u0161ampion\u00e1t p\u0159en\u00e1\u0161en on-line na str\u00e1nk\u00e1ch youtube.com <a href=\"http:\/\/www.youtube.com\/user\/ParalympicSportTV\/videos?live_view=502&#038;tag_id=&#038;view=2&#038;shelf_index=1&#038;sort=dd\" target=\"_blank\"> zde<\/a> . P\u0159ehled vys\u00edlac\u00edch \u010das\u016f a program na\u0161ich atlet\u016f v\u00e1m nyn\u00ed p\u0159in\u00e1\u0161\u00edme.<\/p>\n<p> <strong>Program aletick\u00e9 reprezentace \u010cATHS:<\/strong><\/p>\n<p> 22.7.<br \/> 15:30 disk F57\/58 final Rostislav Pohlmann<\/p>\n<p> 23.7.<br \/> 9:49 koule F52\/53 final Ale\u0161 Kis\u00fd<br \/> 11:11 skok do d\u00e1lky T46 final Tereza Jakschov\u00e1<br \/> 15:30 o\u0161t\u011bp F37\/38 final Martin Kukla<br \/> 15:54 koule F54 final Eva Kacanu<\/p>\n<p> 24.7.<br \/> 15:30 ku\u017eelka final Barbora \u010celansk\u00e1<br \/> 16:57 200m T46 semi Tereza Jakschov\u00e1<\/p>\n<p> 25.7. <br \/> 15:30 ku\u017eelka final Jan Van\u011bk<br \/> 17:30 200m T46 final Tereza Jakschov\u00e1<\/p>\n<p> 26.7.<br \/> 17:50 100m T46 semi Tereza Jakschov\u00e1<br \/> 17:56 o\u0161t\u011bp F52\/53 final Ale\u0161 Kis\u00fd<\/p>\n<p> 27.7.<br \/> 9:47 koule F55\/56 final Milan Bl\u00e1ha<br \/> 17:01 100m T46 final Tereza Jakschov\u00e1<\/p>\n<p> Kompletn\u00ed program MS Lyon 2013, v\u00fdsledkov\u00fd servis, biografie sportovc\u016f a dal\u0161\u00ed p\u0159ehledy naleznete <a href=\"http:\/\/85.17.143.231\/static\/info\/lyon\/ENG\/ZZ\/ZZS103B_LY2013AT@@@@@@@ENG.htm\" target=\"_blank\"> zde<\/a> <\/p>\n<p> Ofici\u00e1ln\u00ed str\u00e1nky \u0161ampion\u00e1tu naleznete <a href=\"http:\/\/en.lyon-2013.com\/presentation\/\" target=\"_blank\"> zde<\/a> <\/p>\n<p> Rozpis vys\u00edlac\u00edch \u010das\u016f naleznete <a href=\"http:\/\/www.caths.cz\/storage\/atletika\/2013_07_08 lyon-2013-live-feed-schedule.xlsx\" target=\"_blank\"> zde<\/a><\/p>\n","protected":false},"excerpt":{"rendered":"<a href=\"https:\/\/www.caths.cz\/wordpress\/mistrovstvi-sveta-v-atletice-lyon-2013-bude-dnes-slavnostne-zahajeno\/\"><img loading=\"lazy\" decoding=\"async\" width=\"100\" height=\"100\" src=\"https:\/\/www.caths.cz\/wordpress\/wp-content\/plugins\/thumbnail-for-excerpts\/tfe_no_thumb.png\" class=\"alignleft wp-post-image tfe\" alt=\"\" title=\"\" \/><\/a><p>Dne\u0161n\u00ed slavnostn\u00ed ceremoni\u00e1l na stadionu Stade du Rhone zah\u00e1j\u00ed atletick\u00e9 mistrovstv\u00ed sv\u011bta ve francouzsk\u00e9m Lyonu. V sobotu 20.7.2013 se pak rozb\u011bhne dev\u00edtidenn\u00ed sout\u011b\u017en\u00ed program, b\u011bhem kter\u00e9ho uvid\u00edme souboje o 214 [&hellip;]<\/p>\n","protected":false},"author":1,"featured_media":0,"comment_status":"closed","ping_status":"closed","sticky":false,"template":"","format":"standard","meta":{"ngg_post_thumbnail":0,"footnotes":""},"categories":[5],"tags":[],"class_list":["post-2548","post","type-post","status-publish","format-standard","hentry","category-atletika"],"_links":{"self":[{"href":"https:\/\/www.caths.cz\/wordpress\/wp-json\/wp\/v2\/posts\/2548","targetHints":{"allow":["GET"]}}],"collection":[{"href":"https:\/\/www.caths.cz\/wordpress\/wp-json\/wp\/v2\/posts"}],"about":[{"href":"https:\/\/www.caths.cz\/wordpress\/wp-json\/wp\/v2\/types\/post"}],"author":[{"embeddable":true,"href":"https:\/\/www.caths.cz\/wordpress\/wp-json\/wp\/v2\/users\/1"}],"replies":[{"embeddable":true,"href":"https:\/\/www.caths.cz\/wordpress\/wp-json\/wp\/v2\/comments?post=2548"}],"version-history":[{"count":0,"href":"https:\/\/www.caths.cz\/wordpress\/wp-json\/wp\/v2\/posts\/2548\/revisions"}],"wp:attachment":[{"href":"https:\/\/www.caths.cz\/wordpress\/wp-json\/wp\/v2\/media?parent=2548"}],"wp:term":[{"taxonomy":"category","embeddable":true,"href":"https:\/\/www.caths.cz\/wordpress\/wp-json\/wp\/v2\/categories?post=2548"},{"taxonomy":"post_tag","embeddable":true,"href":"https:\/\/www.caths.cz\/wordpress\/wp-json\/wp\/v2\/tags?post=2548"}],"curies":[{"name":"wp","href":"https:\/\/api.w.org\/{rel}","templated":true}]}}