{"id":2547,"date":"2013-07-18T15:26:20","date_gmt":"2013-07-18T14:26:20","guid":{"rendered":"http:\/\/www.caths.cz\/wordpress\/?p=2547"},"modified":"2013-07-18T15:26:20","modified_gmt":"2013-07-18T14:26:20","slug":"nova-anketni-otazka-privezou-nasi-atleti-z-ms-ve-francii-nekterou-z-medaili","status":"publish","type":"post","link":"https:\/\/www.caths.cz\/wordpress\/nova-anketni-otazka-privezou-nasi-atleti-z-ms-ve-francii-nekterou-z-medaili\/","title":{"rendered":"Nov\u00e1 anketn\u00ed ot\u00e1zka &#8211; p\u0159ivezou na\u0161i atleti z MS ve Francii n\u011bkterou z medail\u00ed?"},"content":{"rendered":"<p align=\"justify\">Odpov\u011bzte na na\u0161\u00ed novou anketn\u00ed ot\u00e1zku: Mysl\u00edte si, \u017ee na\u0161e atletick\u00e1 reprezentace nav\u00e1\u017ee na Mistrovstv\u00ed sv\u011bta ve Francii na medailov\u00e9 \u00fasp\u011bchy z Lond\u00fdna? <\/p>\n","protected":false},"excerpt":{"rendered":"<a href=\"https:\/\/www.caths.cz\/wordpress\/nova-anketni-otazka-privezou-nasi-atleti-z-ms-ve-francii-nekterou-z-medaili\/\"><img loading=\"lazy\" decoding=\"async\" width=\"100\" height=\"100\" src=\"https:\/\/www.caths.cz\/wordpress\/wp-content\/plugins\/thumbnail-for-excerpts\/tfe_no_thumb.png\" class=\"alignleft wp-post-image tfe\" alt=\"\" title=\"\" \/><\/a><p>Odpov\u011bzte na na\u0161\u00ed novou anketn\u00ed ot\u00e1zku: Mysl\u00edte si, \u017ee na\u0161e atletick\u00e1 reprezentace nav\u00e1\u017ee na Mistrovstv\u00ed sv\u011bta ve Francii na medailov\u00e9 \u00fasp\u011bchy z Lond\u00fdna?<\/p>\n","protected":false},"author":1,"featured_media":0,"comment_status":"closed","ping_status":"closed","sticky":false,"template":"","format":"standard","meta":{"ngg_post_thumbnail":0,"footnotes":""},"categories":[39],"tags":[],"class_list":["post-2547","post","type-post","status-publish","format-standard","hentry","category-caths-anketa"],"_links":{"self":[{"href":"https:\/\/www.caths.cz\/wordpress\/wp-json\/wp\/v2\/posts\/2547","targetHints":{"allow":["GET"]}}],"collection":[{"href":"https:\/\/www.caths.cz\/wordpress\/wp-json\/wp\/v2\/posts"}],"about":[{"href":"https:\/\/www.caths.cz\/wordpress\/wp-json\/wp\/v2\/types\/post"}],"author":[{"embeddable":true,"href":"https:\/\/www.caths.cz\/wordpress\/wp-json\/wp\/v2\/users\/1"}],"replies":[{"embeddable":true,"href":"https:\/\/www.caths.cz\/wordpress\/wp-json\/wp\/v2\/comments?post=2547"}],"version-history":[{"count":0,"href":"https:\/\/www.caths.cz\/wordpress\/wp-json\/wp\/v2\/posts\/2547\/revisions"}],"wp:attachment":[{"href":"https:\/\/www.caths.cz\/wordpress\/wp-json\/wp\/v2\/media?parent=2547"}],"wp:term":[{"taxonomy":"category","embeddable":true,"href":"https:\/\/www.caths.cz\/wordpress\/wp-json\/wp\/v2\/categories?post=2547"},{"taxonomy":"post_tag","embeddable":true,"href":"https:\/\/www.caths.cz\/wordpress\/wp-json\/wp\/v2\/tags?post=2547"}],"curies":[{"name":"wp","href":"https:\/\/api.w.org\/{rel}","templated":true}]}}