{"id":2546,"date":"2013-07-17T20:18:22","date_gmt":"2013-07-17T19:18:22","guid":{"rendered":"http:\/\/www.caths.cz\/wordpress\/?p=2546"},"modified":"2013-07-17T20:18:22","modified_gmt":"2013-07-17T19:18:22","slug":"atleticka-reprezentace-odjizdi-na-ms","status":"publish","type":"post","link":"https:\/\/www.caths.cz\/wordpress\/atleticka-reprezentace-odjizdi-na-ms\/","title":{"rendered":"Atletick\u00e1 reprezentace odj\u00ed\u017ed\u00ed na MS"},"content":{"rendered":"<p align=\"justify\">Na\u0161i \u00fasp\u011b\u0161nou atletickou reprezentaci \u010dek\u00e1 v\u00fdznamn\u00fd vrchol sez\u00f3ny. 20. \u010dervence ve francouzsk\u00e9m Lyonu za\u010d\u00edn\u00e1 jedna z nejv\u011bt\u0161\u00edch sportovn\u00edch akc\u00ed sv\u011bta pro handicapovan\u00e9 sportovce roku 2013 &#8211; mistrovstv\u00ed sv\u011bta v kr\u00e1lovn\u011b sport\u016f \u2013 atletice.<\/p>\n<p align=\"justify\"> P\u0159edpokl\u00e1d\u00e1 se \u00fa\u010dast v\u00edce ne\u017e 1300 sportovc\u016f z 90 zem\u00ed sv\u011bta (!) \u010cesk\u00fd t\u00fdm \u010d\u00edt\u00e1 celkem 15 atlet\u016f, 8 mu\u017e\u016f a 7 \u017een. V\u00fdpravu reprezentace \u010cATHS zastupuje hned 8 atlet\u016f \u2013 5 mu\u017e\u016f: Rostislav Pohlmann, Ale\u0161 Kis\u00fd, Milan Bl\u00e1ha, Jan Van\u011bk a Martin Kukla. Mezi \u017eenami n\u00e1s budou reprezentovat Eva Kacanu, Barbora \u010celansk\u00e1 a Tereza Jakschov\u00e1. <br \/> Bohu\u017eel, na\u0161e v\u00fdprava se bude muset obej\u00edt bez n\u011bkolika potenci\u00e1ln\u00edch medailov\u00fdch \u017eel\u00edzek, Martina Zvol\u00e1nka, Radima B\u011ble\u0161e, Josefa \u0160tiaka a Jaroslava Petrou\u0161e, kte\u0159\u00ed jsou zran\u011bn\u00ed. \u010cesk\u00e1 reprezentace bude tradi\u010dn\u011b spol\u00e9hat na v\u00fdkonnost mnohon\u00e1sobn\u00e9ho paralympijsk\u00e9ho medailisty Rostislava Pohlmanna v disku a paralympijsk\u00e9 v\u00edt\u011bzky z Pekingu, Evy Kacanu v kouli. \u010ctvrt\u00e9 m\u00edsto z Lond\u00fdna se bude sna\u017eit vylep\u0161it Ale\u0161 Kis\u00fd v kouli, kter\u00fd tak\u00e9 bude startovat v hodu o\u0161t\u011bpem.<br \/> Velmi zaj\u00edmav\u00e9 bude sledovat nov\u00e1\u010dky na\u0161\u00ed reprezentace. Teprve 17 letou, talentovanou Terezu Jakschovou, z\u00e1vodnici Slavie Praha, kter\u00e1 n\u00e1s bude reprezentovat na 100 i 200 metr\u016f a skoku do d\u00e1lky v kategorii T 46 a Barboru \u010celanskou z\u00e1vodnici kategorie F32, kter\u00e1 bude sout\u011b\u017eit v hodu ku\u017eelkou. Talentovan\u00fdm nov\u00e1\u010dkem v kategorii mu\u017e\u016f je o\u0161t\u011bpa\u0159 Martin Kukla, medailista z juniorsk\u00e9ho MS, kter\u00fd bude startovat v kategorii F37.<\/p>\n<p> Atletick\u00fd \u0161ampion\u00e1t budete moci sledovat \u017eiv\u011b <a href=\"http:\/\/www.youtube.com\/ParalympicSportTV\" target=\"_blank\"> zde<\/a> a v na\u0161\u00ed internetov\u00e9 TV. <\/p>\n<p> <img decoding=\"async\" src=\"\/wordpress\/image\/k_clankum\/atl13-1.jpg\"> <br \/>Eva Kacanu<br \/> <img decoding=\"async\" src=\"\/wordpress\/image\/k_clankum\/atl13-2.jpg\"> <br \/>Rostislav Pohlmann<\/p>\n","protected":false},"excerpt":{"rendered":"<a href=\"https:\/\/www.caths.cz\/wordpress\/atleticka-reprezentace-odjizdi-na-ms\/\"><img loading=\"lazy\" decoding=\"async\" width=\"100\" height=\"100\" src=\"https:\/\/www.caths.cz\/wordpress\/wp-content\/plugins\/thumbnail-for-excerpts\/tfe_no_thumb.png\" class=\"alignleft wp-post-image tfe\" alt=\"\" title=\"\" \/><\/a><p>Na\u0161i \u00fasp\u011b\u0161nou atletickou reprezentaci \u010dek\u00e1 v\u00fdznamn\u00fd vrchol sez\u00f3ny. 20. \u010dervence ve francouzsk\u00e9m Lyonu za\u010d\u00edn\u00e1 jedna z nejv\u011bt\u0161\u00edch sportovn\u00edch akc\u00ed sv\u011bta pro handicapovan\u00e9 sportovce roku 2013 &#8211; mistrovstv\u00ed sv\u011bta v kr\u00e1lovn\u011b [&hellip;]<\/p>\n","protected":false},"author":1,"featured_media":0,"comment_status":"closed","ping_status":"closed","sticky":false,"template":"","format":"standard","meta":{"ngg_post_thumbnail":0,"footnotes":""},"categories":[5],"tags":[],"class_list":["post-2546","post","type-post","status-publish","format-standard","hentry","category-atletika"],"_links":{"self":[{"href":"https:\/\/www.caths.cz\/wordpress\/wp-json\/wp\/v2\/posts\/2546","targetHints":{"allow":["GET"]}}],"collection":[{"href":"https:\/\/www.caths.cz\/wordpress\/wp-json\/wp\/v2\/posts"}],"about":[{"href":"https:\/\/www.caths.cz\/wordpress\/wp-json\/wp\/v2\/types\/post"}],"author":[{"embeddable":true,"href":"https:\/\/www.caths.cz\/wordpress\/wp-json\/wp\/v2\/users\/1"}],"replies":[{"embeddable":true,"href":"https:\/\/www.caths.cz\/wordpress\/wp-json\/wp\/v2\/comments?post=2546"}],"version-history":[{"count":0,"href":"https:\/\/www.caths.cz\/wordpress\/wp-json\/wp\/v2\/posts\/2546\/revisions"}],"wp:attachment":[{"href":"https:\/\/www.caths.cz\/wordpress\/wp-json\/wp\/v2\/media?parent=2546"}],"wp:term":[{"taxonomy":"category","embeddable":true,"href":"https:\/\/www.caths.cz\/wordpress\/wp-json\/wp\/v2\/categories?post=2546"},{"taxonomy":"post_tag","embeddable":true,"href":"https:\/\/www.caths.cz\/wordpress\/wp-json\/wp\/v2\/tags?post=2546"}],"curies":[{"name":"wp","href":"https:\/\/api.w.org\/{rel}","templated":true}]}}