{"id":2544,"date":"2013-07-14T20:56:02","date_gmt":"2013-07-14T19:56:02","guid":{"rendered":"http:\/\/www.caths.cz\/wordpress\/?p=2544"},"modified":"2013-07-14T20:56:02","modified_gmt":"2013-07-14T19:56:02","slug":"v-hustopecich-se-rozdelovaly-tituly-mistru-ceske-republiky-v-casovce-handbike","status":"publish","type":"post","link":"https:\/\/www.caths.cz\/wordpress\/v-hustopecich-se-rozdelovaly-tituly-mistru-ceske-republiky-v-casovce-handbike\/","title":{"rendered":"V Hustope\u010d\u00edch se rozd\u011blovaly tituly Mistr\u016f \u010cesk\u00e9 republiky v \u010dasovce handbike"},"content":{"rendered":"<p align=\"justify\">\nNov\u00fdmi Mistry republiky 2013 handbike jsou, Patrik Jahoda a Pavel Folt\u00fdn v kategori\u00edch 1.1. a 1.2., Jan Tom\u00e1nek (H2), Miroslav \u0160ulc (H3) a mezi \u017eenami z\u00edskala premi\u00e9rov\u00fd titul v kategorii H3 Kate\u0159ina Anto\u0161ov\u00e1.<\/p>\n<p align=\"justify\"> Celkov\u00fdm v\u00edt\u011bzem \u010dasovky, bez rozd\u00edlu kategori\u00ed, se stal Miroslav \u0160ulc, kter\u00fd p\u0159ijel do Hustope\u010d\u00ed s \u017eivotn\u00ed formou, velmi bravurn\u011b si poradil s ob\u00e1vanou \u010dasovkou a jako jedin\u00fd dok\u00e1zal absolvovat kopcovitou tra\u0165 v \u010dase pod 20 minut. Na druh\u00e9m m\u00edst\u011b v kategorii H3 se um\u00edstil Zbyn\u011bk \u0160vehla a t\u0159et\u00ed m\u00edsto obsadil Stanislav B\u00edza.<br \/> V nejpo\u010detn\u011bji obsazen\u00e9 kategorii H2 se za Janem Tom\u00e1nkem um\u00edstil Tom\u00e1\u0161 Mo\u0161ni\u010dka a bronzovou medaili si odv\u00e1\u017e\u00ed V\u00e1clav Antal.<br \/> Vynikaj\u00edc\u00ed v\u00fdkon p\u0159edvedl ned\u00e1vn\u00fd v\u00edt\u011bz Sv\u011btov\u00e9ho poh\u00e1ru v kategorii H1 Pavel Folt\u00fdn, kter\u00fd tra\u0165 absolvoval v celkov\u011b \u0161est\u00e9m nejlep\u0161\u00edm \u010dase dne, bez rozd\u00edlu kategori\u00ed a na v\u00edt\u011bzn\u00e9ho Miroslava \u0160ulce ztratil pouh\u00e9 3 minuty 18 sekund a 44 tis\u00edcin sekundy.<br \/> V ned\u011bli z\u00e1vody pokra\u010dovaly krit\u00e9riem v centru m\u011bsta, hodnocen\u00fdm jako z\u00e1vod \u010cesk\u00e9ho poh\u00e1ru handbike 2013. Kr\u00e1tce po startu se v \u010dele z\u00e1vodu vytvo\u0159ila rychle jedouc\u00ed skupinka ve slo\u017een\u00ed Miroslav \u0160ulc, V\u00e1clav Antal, Tom\u00e1\u0161 Mo\u0161ni\u010dka, Zbyn\u011bk \u0160vehla, Michal \u0160iska a Jan Tom\u00e1nek. Jako prvn\u00ed skupinu opustil Jan Tom\u00e1nek, kter\u00fd ve \u010dtvrt\u00e9m okruhu nezvl\u00e1dnul levoto\u010divou zat\u00e1\u010dku. Pom\u011brn\u011b dlouhou dobu jezdilo v \u010dele z\u00e1vodu trio \u0160ulc, Antal a velmi dob\u0159e jedouc\u00ed, po oba z\u00e1vodn\u00ed dny, Tom\u00e1\u0161 Mo\u0161ni\u010dka. V z\u00e1v\u011bre\u010dn\u00fdch kolech se dvojice V\u00e1clav Antal a Miroslav \u0160ulc dok\u00e1zala vzd\u00e1lit od Tom\u00e1\u0161e a v p\u0159edposledn\u00edm kole si mohutn\u00fdm n\u00e1stupem Miroslav \u0160ulc zajistil druh\u00e9 v\u00edkendov\u00e9 prvenstv\u00ed. V kategorii H3 ho na stupn\u011b v\u00edt\u011bz\u016f doprovodil druh\u00fd Zbyn\u011bk \u0160vehla a t\u0159et\u00ed m\u00edsto vybojoval Radek Fabi\u00e1n.<br \/> V kategorii H2 se za V\u00e1clavem Antalem a Tom\u00e1\u0161em Mo\u0161ni\u010dkou um\u00edstil na t\u0159et\u00edm m\u00edst\u011b Michal \u0160i\u0161ka.<br \/> V kategorii H1 zv\u00edt\u011bzil Ivan Dvo\u0159\u00e1k, p\u0159ed Patrikem Jahodou a Ji\u0159\u00edm Kade\u0159\u00e1vkem. <\/p>\n<p> Celkov\u00e9 v\u00fdsledky ZDE: <\/p>\n<p> V\u00fdsledky &#8211; \u010dasovka<a href=\"http:\/\/www.caths.cz\/storage\/handbike\/hust_casovka2013.pdf\" target=\"_blank\"> zde<\/a><br \/> V\u00fdsledky &#8211; krit\u00e9rium<a href=\"http:\/\/www.caths.cz\/storage\/handbike\/hust_silnice2013.pdf\" target=\"_blank\"> zde<\/a><\/p>\n<p> <img decoding=\"async\" src=\"\/wordpress\/image\/k_clankum\/hust2013_1.jpg\"> <\/p>\n<p> <img decoding=\"async\" src=\"\/wordpress\/image\/k_clankum\/hust2013_2.jpg\"> <\/p>\n<p> <img decoding=\"async\" src=\"\/wordpress\/image\/k_clankum\/hust2013_3.jpg\"> <\/p>\n<p> <img decoding=\"async\" src=\"\/wordpress\/image\/k_clankum\/hust2013_4.jpg\"> <\/p>\n<p> <img decoding=\"async\" src=\"\/wordpress\/image\/k_clankum\/hust2013_5.jpg\"><\/p>\n","protected":false},"excerpt":{"rendered":"<a href=\"https:\/\/www.caths.cz\/wordpress\/v-hustopecich-se-rozdelovaly-tituly-mistru-ceske-republiky-v-casovce-handbike\/\"><img loading=\"lazy\" decoding=\"async\" width=\"100\" height=\"100\" src=\"https:\/\/www.caths.cz\/wordpress\/wp-content\/plugins\/thumbnail-for-excerpts\/tfe_no_thumb.png\" class=\"alignleft wp-post-image tfe\" alt=\"\" title=\"\" \/><\/a><p>Nov\u00fdmi Mistry republiky 2013 handbike jsou, Patrik Jahoda a Pavel Folt\u00fdn v kategori\u00edch 1.1. a 1.2., Jan Tom\u00e1nek (H2), Miroslav \u0160ulc (H3) a mezi \u017eenami z\u00edskala premi\u00e9rov\u00fd titul v kategorii [&hellip;]<\/p>\n","protected":false},"author":1,"featured_media":0,"comment_status":"closed","ping_status":"closed","sticky":false,"template":"","format":"standard","meta":{"ngg_post_thumbnail":0,"footnotes":""},"categories":[9],"tags":[],"class_list":["post-2544","post","type-post","status-publish","format-standard","hentry","category-handbike"],"_links":{"self":[{"href":"https:\/\/www.caths.cz\/wordpress\/wp-json\/wp\/v2\/posts\/2544","targetHints":{"allow":["GET"]}}],"collection":[{"href":"https:\/\/www.caths.cz\/wordpress\/wp-json\/wp\/v2\/posts"}],"about":[{"href":"https:\/\/www.caths.cz\/wordpress\/wp-json\/wp\/v2\/types\/post"}],"author":[{"embeddable":true,"href":"https:\/\/www.caths.cz\/wordpress\/wp-json\/wp\/v2\/users\/1"}],"replies":[{"embeddable":true,"href":"https:\/\/www.caths.cz\/wordpress\/wp-json\/wp\/v2\/comments?post=2544"}],"version-history":[{"count":0,"href":"https:\/\/www.caths.cz\/wordpress\/wp-json\/wp\/v2\/posts\/2544\/revisions"}],"wp:attachment":[{"href":"https:\/\/www.caths.cz\/wordpress\/wp-json\/wp\/v2\/media?parent=2544"}],"wp:term":[{"taxonomy":"category","embeddable":true,"href":"https:\/\/www.caths.cz\/wordpress\/wp-json\/wp\/v2\/categories?post=2544"},{"taxonomy":"post_tag","embeddable":true,"href":"https:\/\/www.caths.cz\/wordpress\/wp-json\/wp\/v2\/tags?post=2544"}],"curies":[{"name":"wp","href":"https:\/\/api.w.org\/{rel}","templated":true}]}}