{"id":2543,"date":"2013-07-12T21:59:56","date_gmt":"2013-07-12T20:59:56","guid":{"rendered":"http:\/\/www.caths.cz\/wordpress\/?p=2543"},"modified":"2013-07-12T21:59:56","modified_gmt":"2013-07-12T20:59:56","slug":"handbikeri-budou-v-sobotu-bojovat-o-tituly-mistru-ceske-republiky-v-casovce","status":"publish","type":"post","link":"https:\/\/www.caths.cz\/wordpress\/handbikeri-budou-v-sobotu-bojovat-o-tituly-mistru-ceske-republiky-v-casovce\/","title":{"rendered":"Handbike\u0159i budou v sobotu bojovat o tituly Mistr\u016f \u010cesk\u00e9 republiky v \u010dasovce"},"content":{"rendered":"<p>Handbike\u0159i z cel\u00e9 republiky budou v sobotu 13. \u010dervence bojovat o tituly Mistr\u016f \u010cesk\u00e9 republiky v \u010dasovce jednotlivc\u016f.<br \/>\nPo\u0159adatelsk\u00fdm m\u011bstem jsou Hustope\u010de, z\u00e1vod se uskute\u010dn\u00ed na n\u00e1ro\u010dn\u00e9 a tradi\u010dn\u011b v\u00fdborn\u00fdm zp\u016fsobem zabezpe\u010den\u00e9 trati<br \/>\nDo z\u00e1vodu jsou p\u0159ihl\u00e1\u0161eni v\u0161ichni favorit\u00e9, v\u010detn\u011b ned\u00e1vn\u00e9ho v\u00edt\u011bze Sv\u011btov\u00e9ho poh\u00e1ru v It\u00e1lii, Pavla Folt\u00fdna z\u00e1vod\u00edc\u00edho v kategorii H1.<br \/> Potvrd\u00ed favorit\u00e9 svou v\u00fdkonnost nebo neunesou t\u00edhu presti\u017en\u00edho z\u00e1vodu, jako se tomu stalo v minulosti ji\u017e mnohokr\u00e1t?<br \/> Nechme se p\u0159ekvapit&#8230; \ud83d\ude42<br \/> V ned\u011bli pak z\u00e1vody pokra\u010duj\u00ed dal\u0161\u00edm kolem \u010cesk\u00e9ho poh\u00e1ru handbike. <\/p>\n<p> <img decoding=\"async\" src=\"\/wordpress\/image\/sekretarky\/cyklistika\/hustopece.JPG\"><\/p>\n","protected":false},"excerpt":{"rendered":"<a href=\"https:\/\/www.caths.cz\/wordpress\/handbikeri-budou-v-sobotu-bojovat-o-tituly-mistru-ceske-republiky-v-casovce\/\"><img loading=\"lazy\" decoding=\"async\" width=\"100\" height=\"100\" src=\"https:\/\/www.caths.cz\/wordpress\/wp-content\/plugins\/thumbnail-for-excerpts\/tfe_no_thumb.png\" class=\"alignleft wp-post-image tfe\" alt=\"\" title=\"\" \/><\/a><p>Handbike\u0159i z cel\u00e9 republiky budou v sobotu 13. \u010dervence bojovat o tituly Mistr\u016f \u010cesk\u00e9 republiky v \u010dasovce jednotlivc\u016f. Po\u0159adatelsk\u00fdm m\u011bstem jsou Hustope\u010de, z\u00e1vod se uskute\u010dn\u00ed na n\u00e1ro\u010dn\u00e9 a tradi\u010dn\u011b v\u00fdborn\u00fdm [&hellip;]<\/p>\n","protected":false},"author":1,"featured_media":0,"comment_status":"closed","ping_status":"closed","sticky":false,"template":"","format":"standard","meta":{"ngg_post_thumbnail":0,"footnotes":""},"categories":[9],"tags":[],"class_list":["post-2543","post","type-post","status-publish","format-standard","hentry","category-handbike"],"_links":{"self":[{"href":"https:\/\/www.caths.cz\/wordpress\/wp-json\/wp\/v2\/posts\/2543","targetHints":{"allow":["GET"]}}],"collection":[{"href":"https:\/\/www.caths.cz\/wordpress\/wp-json\/wp\/v2\/posts"}],"about":[{"href":"https:\/\/www.caths.cz\/wordpress\/wp-json\/wp\/v2\/types\/post"}],"author":[{"embeddable":true,"href":"https:\/\/www.caths.cz\/wordpress\/wp-json\/wp\/v2\/users\/1"}],"replies":[{"embeddable":true,"href":"https:\/\/www.caths.cz\/wordpress\/wp-json\/wp\/v2\/comments?post=2543"}],"version-history":[{"count":0,"href":"https:\/\/www.caths.cz\/wordpress\/wp-json\/wp\/v2\/posts\/2543\/revisions"}],"wp:attachment":[{"href":"https:\/\/www.caths.cz\/wordpress\/wp-json\/wp\/v2\/media?parent=2543"}],"wp:term":[{"taxonomy":"category","embeddable":true,"href":"https:\/\/www.caths.cz\/wordpress\/wp-json\/wp\/v2\/categories?post=2543"},{"taxonomy":"post_tag","embeddable":true,"href":"https:\/\/www.caths.cz\/wordpress\/wp-json\/wp\/v2\/tags?post=2543"}],"curies":[{"name":"wp","href":"https:\/\/api.w.org\/{rel}","templated":true}]}}